{"id":14871,"date":"2024-11-11T12:44:00","date_gmt":"2024-11-11T11:44:00","guid":{"rendered":"https:\/\/gepcoformacion.es\/?p=14871"},"modified":"2025-02-05T10:03:17","modified_gmt":"2025-02-05T09:03:17","slug":"primers-auxilis-laborals","status":"publish","type":"post","link":"https:\/\/gepcoformacion.es\/ca\/blog\/primers-auxilis-laborals\/","title":{"rendered":"Per qu\u00e8 els primers auxilis laborals s\u00f3n essencials en qualsevol empresa?"},"content":{"rendered":"<p><div class=\"fusion-fullwidth fullwidth-box fusion-builder-row-1 fusion-flex-container has-pattern-background has-mask-background hundred-percent-fullwidth non-hundred-percent-height-scrolling\" style=\"--awb-border-radius-top-left:0px;--awb-border-radius-top-right:0px;--awb-border-radius-bottom-right:0px;--awb-border-radius-bottom-left:0px;--awb-padding-top:0%;--awb-padding-right:0%;--awb-padding-bottom:2%;--awb-padding-left:0%;--awb-flex-wrap:wrap;\" ><div class=\"fusion-builder-row fusion-row fusion-flex-align-items-center fusion-flex-content-wrap\" style=\"width:104% !important;max-width:104% !important;margin-left: calc(-4% \/ 2 );margin-right: calc(-4% \/ 2 );\"><div class=\"fusion-layout-column fusion_builder_column fusion-builder-column-0 fusion_builder_column_1_2 1_2 fusion-flex-column\" style=\"--awb-bg-size:cover;--awb-width-large:50%;--awb-margin-top-large:0px;--awb-spacing-right-large:3.84%;--awb-margin-bottom-large:20px;--awb-spacing-left-large:3.84%;--awb-width-medium:50%;--awb-order-medium:0;--awb-spacing-right-medium:3.84%;--awb-spacing-left-medium:3.84%;--awb-width-small:100%;--awb-order-small:0;--awb-spacing-right-small:1.92%;--awb-spacing-left-small:1.92%;\"><div class=\"fusion-column-wrapper fusion-column-has-shadow fusion-flex-justify-content-flex-start fusion-content-layout-column\"><div class=\"fusion-title title fusion-title-1 fusion-sep-none fusion-title-text fusion-title-size-two\" style=\"--awb-font-size:35px;\"><h2 class=\"fusion-title-heading title-heading-left\" style=\"margin:0;font-size:1em;\">Comptar amb personal format en primers auxilis en entorns laborals \u00e9s una magn\u00edfica aposta<\/h2><\/div><div class=\"fusion-text fusion-text-1\"><p>Si ets dels que pensa que la formaci\u00f3 en primers auxilis laborals no serveix per a res i que assistir a aquesta mena de formacions \u00e9s una absoluta p\u00e8rdua de temps, des de GEPCO Formaci\u00f3n sentim dir-te que est\u00e0s completament equivocat. <strong>T\u2019has preguntat alguna vegada quants accidents laborals han passat a la teva empresa des que hi ets?<\/strong> Quants d\u2019ells han quedat en un simple ensurt i quants han requerit assist\u00e8ncia sanit\u00e0ria i primers auxilis? Saps quants accidents laborals passen cada dia a les empreses espanyoles?<\/p>\n<\/div><\/div><\/div><div class=\"fusion-layout-column fusion_builder_column fusion-builder-column-1 fusion_builder_column_1_2 1_2 fusion-flex-column\" style=\"--awb-bg-size:cover;--awb-width-large:50%;--awb-margin-top-large:0px;--awb-spacing-right-large:3.84%;--awb-margin-bottom-large:20px;--awb-spacing-left-large:3.84%;--awb-width-medium:50%;--awb-order-medium:0;--awb-spacing-right-medium:3.84%;--awb-spacing-left-medium:3.84%;--awb-width-small:100%;--awb-order-small:0;--awb-spacing-right-small:1.92%;--awb-spacing-left-small:1.92%;\"><div class=\"fusion-column-wrapper fusion-column-has-shadow fusion-flex-justify-content-flex-start fusion-content-layout-column\"><div class=\"fusion-image-element \" style=\"--awb-aspect-ratio:4 \/ 3;--awb-object-position:61% 50%;--awb-caption-title-font-family:var(--h2_typography-font-family);--awb-caption-title-font-weight:var(--h2_typography-font-weight);--awb-caption-title-font-style:var(--h2_typography-font-style);--awb-caption-title-size:var(--h2_typography-font-size);--awb-caption-title-transform:var(--h2_typography-text-transform);--awb-caption-title-line-height:var(--h2_typography-line-height);--awb-caption-title-letter-spacing:var(--h2_typography-letter-spacing);\"><span class=\" fusion-imageframe imageframe-none imageframe-1 hover-type-none has-aspect-ratio\"><img decoding=\"async\" width=\"1500\" height=\"1000\" title=\"gepco-formacion-primeros-laborales-4\" src=\"https:\/\/gepcoformacion.es\/wp-content\/uploads\/2024\/11\/gepco-formacion-primeros-laborales-4.jpg\" data-orig-src=\"https:\/\/gepcoformacion.es\/wp-content\/uploads\/2024\/11\/gepco-formacion-primeros-laborales-4.jpg\" class=\"lazyload img-responsive wp-image-14869 img-with-aspect-ratio\" data-parent-fit=\"cover\" data-parent-container=\".fusion-image-element\" alt srcset=\"data:image\/svg+xml,%3Csvg%20xmlns%3D%27http%3A%2F%2Fwww.w3.org%2F2000%2Fsvg%27%20width%3D%271500%27%20height%3D%271000%27%20viewBox%3D%270%200%201500%201000%27%3E%3Crect%20width%3D%271500%27%20height%3D%271000%27%20fill-opacity%3D%220%22%2F%3E%3C%2Fsvg%3E\" data-srcset=\"https:\/\/gepcoformacion.es\/wp-content\/uploads\/2024\/11\/gepco-formacion-primeros-laborales-4-200x133.jpg 200w, https:\/\/gepcoformacion.es\/wp-content\/uploads\/2024\/11\/gepco-formacion-primeros-laborales-4-400x267.jpg 400w, https:\/\/gepcoformacion.es\/wp-content\/uploads\/2024\/11\/gepco-formacion-primeros-laborales-4-600x400.jpg 600w, https:\/\/gepcoformacion.es\/wp-content\/uploads\/2024\/11\/gepco-formacion-primeros-laborales-4-800x533.jpg 800w, https:\/\/gepcoformacion.es\/wp-content\/uploads\/2024\/11\/gepco-formacion-primeros-laborales-4-1200x800.jpg 1200w, https:\/\/gepcoformacion.es\/wp-content\/uploads\/2024\/11\/gepco-formacion-primeros-laborales-4.jpg 1500w\" data-sizes=\"auto\" data-orig-sizes=\"(max-width: 640px) 100vw, 600px\" \/><\/span><\/div><\/div><\/div><\/div><\/div><div class=\"fusion-fullwidth fullwidth-box fusion-builder-row-2 fusion-flex-container has-pattern-background has-mask-background hundred-percent-fullwidth non-hundred-percent-height-scrolling\" style=\"--awb-border-radius-top-left:0px;--awb-border-radius-top-right:0px;--awb-border-radius-bottom-right:0px;--awb-border-radius-bottom-left:0px;--awb-padding-top:3%;--awb-padding-right:0%;--awb-padding-bottom:3%;--awb-padding-left:0%;--awb-flex-wrap:wrap;\" ><div class=\"fusion-builder-row fusion-row fusion-flex-align-items-center fusion-flex-content-wrap\" style=\"width:104% !important;max-width:104% !important;margin-left: calc(-4% \/ 2 );margin-right: calc(-4% \/ 2 );\"><div class=\"fusion-layout-column fusion_builder_column fusion-builder-column-2 fusion_builder_column_1_2 1_2 fusion-flex-column\" style=\"--awb-bg-size:cover;--awb-width-large:50%;--awb-margin-top-large:0px;--awb-spacing-right-large:3.84%;--awb-margin-bottom-large:20px;--awb-spacing-left-large:3.84%;--awb-width-medium:50%;--awb-order-medium:0;--awb-spacing-right-medium:3.84%;--awb-spacing-left-medium:3.84%;--awb-width-small:100%;--awb-order-small:1;--awb-spacing-right-small:1.92%;--awb-spacing-left-small:1.92%;\"><div class=\"fusion-column-wrapper fusion-column-has-shadow fusion-flex-justify-content-flex-start fusion-content-layout-column\"><div class=\"fusion-image-element \" style=\"--awb-caption-title-font-family:var(--h2_typography-font-family);--awb-caption-title-font-weight:var(--h2_typography-font-weight);--awb-caption-title-font-style:var(--h2_typography-font-style);--awb-caption-title-size:var(--h2_typography-font-size);--awb-caption-title-transform:var(--h2_typography-text-transform);--awb-caption-title-line-height:var(--h2_typography-line-height);--awb-caption-title-letter-spacing:var(--h2_typography-letter-spacing);\"><span class=\" fusion-imageframe imageframe-none imageframe-2 hover-type-none\"><img decoding=\"async\" width=\"1500\" height=\"1000\" title=\"gepco-formacion-primeros-laborales-3\" src=\"https:\/\/gepcoformacion.es\/wp-content\/uploads\/2024\/11\/gepco-formacion-primeros-laborales-3.jpg\" data-orig-src=\"https:\/\/gepcoformacion.es\/wp-content\/uploads\/2024\/11\/gepco-formacion-primeros-laborales-3.jpg\" alt class=\"lazyload img-responsive wp-image-14867\" srcset=\"data:image\/svg+xml,%3Csvg%20xmlns%3D%27http%3A%2F%2Fwww.w3.org%2F2000%2Fsvg%27%20width%3D%271500%27%20height%3D%271000%27%20viewBox%3D%270%200%201500%201000%27%3E%3Crect%20width%3D%271500%27%20height%3D%271000%27%20fill-opacity%3D%220%22%2F%3E%3C%2Fsvg%3E\" data-srcset=\"https:\/\/gepcoformacion.es\/wp-content\/uploads\/2024\/11\/gepco-formacion-primeros-laborales-3-200x133.jpg 200w, https:\/\/gepcoformacion.es\/wp-content\/uploads\/2024\/11\/gepco-formacion-primeros-laborales-3-400x267.jpg 400w, https:\/\/gepcoformacion.es\/wp-content\/uploads\/2024\/11\/gepco-formacion-primeros-laborales-3-600x400.jpg 600w, https:\/\/gepcoformacion.es\/wp-content\/uploads\/2024\/11\/gepco-formacion-primeros-laborales-3-800x533.jpg 800w, https:\/\/gepcoformacion.es\/wp-content\/uploads\/2024\/11\/gepco-formacion-primeros-laborales-3-1200x800.jpg 1200w, https:\/\/gepcoformacion.es\/wp-content\/uploads\/2024\/11\/gepco-formacion-primeros-laborales-3.jpg 1500w\" data-sizes=\"auto\" data-orig-sizes=\"(max-width: 640px) 100vw, 600px\" \/><\/span><\/div><\/div><\/div><div class=\"fusion-layout-column fusion_builder_column fusion-builder-column-3 fusion_builder_column_1_2 1_2 fusion-flex-column\" style=\"--awb-bg-size:cover;--awb-width-large:50%;--awb-margin-top-large:0px;--awb-spacing-right-large:3.84%;--awb-margin-bottom-large:20px;--awb-spacing-left-large:3.84%;--awb-width-medium:50%;--awb-order-medium:0;--awb-spacing-right-medium:3.84%;--awb-spacing-left-medium:3.84%;--awb-width-small:100%;--awb-order-small:0;--awb-spacing-right-small:1.92%;--awb-spacing-left-small:1.92%;\"><div class=\"fusion-column-wrapper fusion-column-has-shadow fusion-flex-justify-content-flex-start fusion-content-layout-column\"><div class=\"fusion-title title fusion-title-2 fusion-sep-none fusion-title-text fusion-title-size-three\" style=\"--awb-font-size:30px;\"><h3 class=\"fusion-title-heading title-heading-left\" style=\"margin:0;font-size:1em;\">Posem xifres als accidents a la feina que necessiten primers auxilis laborals<\/h3><\/div><div class=\"fusion-text fusion-text-2\"><p>N\u2019hi ha prou amb <strong>dedicar uns minuts a observar amb atenci\u00f3 les xifres<\/strong> que ofereix el Ministeri de Treball i Economia Social en el seu Informe Anual d\u2019Accidents de Treball a Espanya per posar-se les mans al cap. A continuaci\u00f3, compartim algunes d\u2019aquestes dades amb tu.<\/p>\n<\/div><ul style=\"--awb-line-height:27.2px;--awb-icon-width:27.2px;--awb-icon-height:27.2px;--awb-icon-margin:11.2px;--awb-content-margin:38.4px;--awb-circlecolor:var(--awb-color4);--awb-circle-yes-font-size:14.08px;\" class=\"fusion-checklist fusion-checklist-1 fusion-checklist-default type-icons\"><li class=\"fusion-li-item\" style=\"\"><span class=\"icon-wrapper circle-yes\"><i class=\"fusion-li-icon awb-icon-check\" aria-hidden=\"true\"><\/i><\/span><div class=\"fusion-li-item-content\">\n<p>Durant el 2023 es van registrar <strong>647.495 accidents de feina amb baixa laboral.<\/strong><\/p>\n<\/div><\/li><li class=\"fusion-li-item\" style=\"\"><span class=\"icon-wrapper circle-yes\"><i class=\"fusion-li-icon awb-icon-check\" aria-hidden=\"true\"><\/i><\/span><div class=\"fusion-li-item-content\">\n<p>En aquest mateix per\u00edode, la franja d\u2019edat que <strong>m\u00e9s accidents pateix \u00e9s la m\u00e9s jove.<\/strong> El grup de persones de 16 a 29 anys s\u00f3n els que registren m\u00e9s accidents laborals.<\/p>\n<\/div><\/li><\/ul><\/div><\/div><\/div><\/div><div class=\"fusion-fullwidth fullwidth-box fusion-builder-row-3 fusion-flex-container has-pattern-background has-mask-background hundred-percent-fullwidth non-hundred-percent-height-scrolling\" style=\"--awb-border-radius-top-left:0px;--awb-border-radius-top-right:0px;--awb-border-radius-bottom-right:0px;--awb-border-radius-bottom-left:0px;--awb-padding-top:3%;--awb-padding-right:0%;--awb-padding-bottom:3%;--awb-padding-left:0%;--awb-flex-wrap:wrap;\" ><div class=\"fusion-builder-row fusion-row fusion-flex-align-items-center fusion-flex-content-wrap\" style=\"width:104% !important;max-width:104% !important;margin-left: calc(-4% \/ 2 );margin-right: calc(-4% \/ 2 );\"><div class=\"fusion-layout-column fusion_builder_column fusion-builder-column-4 fusion_builder_column_1_2 1_2 fusion-flex-column\" style=\"--awb-bg-size:cover;--awb-width-large:50%;--awb-margin-top-large:0px;--awb-spacing-right-large:3.84%;--awb-margin-bottom-large:20px;--awb-spacing-left-large:3.84%;--awb-width-medium:50%;--awb-order-medium:0;--awb-spacing-right-medium:3.84%;--awb-spacing-left-medium:3.84%;--awb-width-small:100%;--awb-order-small:0;--awb-spacing-right-small:1.92%;--awb-spacing-left-small:1.92%;\"><div class=\"fusion-column-wrapper fusion-column-has-shadow fusion-flex-justify-content-flex-start fusion-content-layout-column\"><ul style=\"--awb-margin-bottom:5%;--awb-line-height:27.2px;--awb-icon-width:27.2px;--awb-icon-height:27.2px;--awb-icon-margin:11.2px;--awb-content-margin:38.4px;--awb-circlecolor:var(--awb-color4);--awb-circle-yes-font-size:14.08px;\" class=\"fusion-checklist fusion-checklist-2 fusion-checklist-default type-icons\"><li class=\"fusion-li-item\" style=\"\"><span class=\"icon-wrapper circle-yes\"><i class=\"fusion-li-icon awb-icon-check\" aria-hidden=\"true\"><\/i><\/span><div class=\"fusion-li-item-content\">\n<p>Els sectors que registren <strong>m\u00e9s accidents s\u00f3n la construcci\u00f3<\/strong>, que duplica la mitjana dels \u00edndexs sectorials, la <strong>ind\u00fastria<\/strong> i el <strong>sector agrari<\/strong>.<\/p>\n<\/div><\/li><li class=\"fusion-li-item\" style=\"\"><span class=\"icon-wrapper circle-yes\"><i class=\"fusion-li-icon awb-icon-check\" aria-hidden=\"true\"><\/i><\/span><div class=\"fusion-li-item-content\">\n<p>Si baixem al detall les <strong>professions<\/strong> o <strong>\u00e0mbits laborals<\/strong> que <strong>m\u00e9s accidents laborals pateixen<\/strong> hi trobem: explotaci\u00f3 forestal i silvicultura, fabricaci\u00f3 de productes met\u00e0l\u00b7lics, construcci\u00f3 d\u2019edificis, enginyeria civil, recollida i tractament de residus, metal\u00b7l\u00fargia, ind\u00fastria de la fusta i ind\u00fastries extractives.<\/p>\n<\/div><\/li><\/ul><div class=\"fusion-text fusion-text-3\"><p>Aquest informe tamb\u00e9 especifica quina mena de danys o lesions que necessiten primers auxilis se solen patir en entorns laborals, alguns dels quals s\u00f3n suficientment greus com per requerir assist\u00e8ncia per part de professionals sanitaris. <strong>Mossegades<\/strong>, <strong>infarts<\/strong>, <strong>sobreesfor\u00e7<\/strong>, contactes amb <strong>materials que punxen<\/strong> i <strong>tallen<\/strong>, <strong>aixafaments<\/strong>, <strong>amputacions<\/strong>, <strong>xocs<\/strong>, <strong>cops<\/strong>, contacte amb <strong>corrent el\u00e8ctric<\/strong>, contacte amb foc, contacte amb subst\u00e0ncies perilloses\u2026 aquests s\u00f3n nom\u00e9s alguns dels exemples.<\/p>\n<\/div><div style=\"text-align:left;\"><a class=\"fusion-button button-flat fusion-button-default-size button-default fusion-button-default button-1 fusion-button-default-span fusion-button-default-type\" style=\"--button-border-radius-top-left:5px;--button-border-radius-top-right:5px;--button-border-radius-bottom-right:5px;--button-border-radius-bottom-left:5px;\" target=\"_self\" href=\"https:\/\/www.insst.es\/documents\/94886\/5326464\/Informe+anual+de+accidentes+de+trabajo+en+Espa%C3%B1a.+Datos+2023.pdf\/fb20a685-d44d-8f99-50b4-59a546a3608b?t=1725610046593\" rel=\"noopener\"><span class=\"fusion-button-text awb-button__text awb-button__text--default\">Informe anual d\u2019accidents laborals a Espanya 2023<\/span><\/a><\/div><\/div><\/div><div class=\"fusion-layout-column fusion_builder_column fusion-builder-column-5 fusion_builder_column_1_2 1_2 fusion-flex-column\" style=\"--awb-bg-size:cover;--awb-width-large:50%;--awb-margin-top-large:0px;--awb-spacing-right-large:3.84%;--awb-margin-bottom-large:20px;--awb-spacing-left-large:3.84%;--awb-width-medium:50%;--awb-order-medium:0;--awb-spacing-right-medium:3.84%;--awb-spacing-left-medium:3.84%;--awb-width-small:100%;--awb-order-small:1;--awb-spacing-right-small:1.92%;--awb-spacing-left-small:1.92%;\"><div class=\"fusion-column-wrapper fusion-column-has-shadow fusion-flex-justify-content-flex-start fusion-content-layout-column\"><div class=\"fusion-image-element \" style=\"--awb-caption-title-font-family:var(--h2_typography-font-family);--awb-caption-title-font-weight:var(--h2_typography-font-weight);--awb-caption-title-font-style:var(--h2_typography-font-style);--awb-caption-title-size:var(--h2_typography-font-size);--awb-caption-title-transform:var(--h2_typography-text-transform);--awb-caption-title-line-height:var(--h2_typography-line-height);--awb-caption-title-letter-spacing:var(--h2_typography-letter-spacing);\"><span class=\" fusion-imageframe imageframe-none imageframe-3 hover-type-none\"><img decoding=\"async\" width=\"1500\" height=\"1000\" title=\"gepco-formacion-primeros-laborales-0 (1)\" src=\"https:\/\/gepcoformacion.es\/wp-content\/uploads\/2024\/11\/gepco-formacion-primeros-laborales-0-1-1.jpg\" data-orig-src=\"https:\/\/gepcoformacion.es\/wp-content\/uploads\/2024\/11\/gepco-formacion-primeros-laborales-0-1-1.jpg\" alt class=\"lazyload img-responsive wp-image-15249\" srcset=\"data:image\/svg+xml,%3Csvg%20xmlns%3D%27http%3A%2F%2Fwww.w3.org%2F2000%2Fsvg%27%20width%3D%271500%27%20height%3D%271000%27%20viewBox%3D%270%200%201500%201000%27%3E%3Crect%20width%3D%271500%27%20height%3D%271000%27%20fill-opacity%3D%220%22%2F%3E%3C%2Fsvg%3E\" data-srcset=\"https:\/\/gepcoformacion.es\/wp-content\/uploads\/2024\/11\/gepco-formacion-primeros-laborales-0-1-1-200x133.jpg 200w, https:\/\/gepcoformacion.es\/wp-content\/uploads\/2024\/11\/gepco-formacion-primeros-laborales-0-1-1-400x267.jpg 400w, https:\/\/gepcoformacion.es\/wp-content\/uploads\/2024\/11\/gepco-formacion-primeros-laborales-0-1-1-600x400.jpg 600w, https:\/\/gepcoformacion.es\/wp-content\/uploads\/2024\/11\/gepco-formacion-primeros-laborales-0-1-1-800x533.jpg 800w, https:\/\/gepcoformacion.es\/wp-content\/uploads\/2024\/11\/gepco-formacion-primeros-laborales-0-1-1-1200x800.jpg 1200w, https:\/\/gepcoformacion.es\/wp-content\/uploads\/2024\/11\/gepco-formacion-primeros-laborales-0-1-1.jpg 1500w\" data-sizes=\"auto\" data-orig-sizes=\"(max-width: 640px) 100vw, 600px\" \/><\/span><\/div><\/div><\/div><\/div><\/div><div class=\"fusion-fullwidth fullwidth-box fusion-builder-row-4 fusion-flex-container has-pattern-background has-mask-background hundred-percent-fullwidth non-hundred-percent-height-scrolling\" style=\"--awb-border-radius-top-left:0px;--awb-border-radius-top-right:0px;--awb-border-radius-bottom-right:0px;--awb-border-radius-bottom-left:0px;--awb-padding-top:3%;--awb-padding-right:0%;--awb-padding-bottom:3%;--awb-padding-left:0%;--awb-flex-wrap:wrap;\" ><div class=\"fusion-builder-row fusion-row fusion-flex-align-items-center fusion-flex-content-wrap\" style=\"width:104% !important;max-width:104% !important;margin-left: calc(-4% \/ 2 );margin-right: calc(-4% \/ 2 );\"><div class=\"fusion-layout-column fusion_builder_column fusion-builder-column-6 fusion_builder_column_1_2 1_2 fusion-flex-column\" style=\"--awb-bg-size:cover;--awb-width-large:50%;--awb-margin-top-large:0px;--awb-spacing-right-large:3.84%;--awb-margin-bottom-large:20px;--awb-spacing-left-large:3.84%;--awb-width-medium:50%;--awb-order-medium:0;--awb-spacing-right-medium:3.84%;--awb-spacing-left-medium:3.84%;--awb-width-small:100%;--awb-order-small:1;--awb-spacing-right-small:1.92%;--awb-spacing-left-small:1.92%;\"><div class=\"fusion-column-wrapper fusion-column-has-shadow fusion-flex-justify-content-flex-start fusion-content-layout-column\"><div class=\"fusion-image-element \" style=\"--awb-caption-title-font-family:var(--h2_typography-font-family);--awb-caption-title-font-weight:var(--h2_typography-font-weight);--awb-caption-title-font-style:var(--h2_typography-font-style);--awb-caption-title-size:var(--h2_typography-font-size);--awb-caption-title-transform:var(--h2_typography-text-transform);--awb-caption-title-line-height:var(--h2_typography-line-height);--awb-caption-title-letter-spacing:var(--h2_typography-letter-spacing);\"><span class=\" fusion-imageframe imageframe-none imageframe-4 hover-type-none\"><img decoding=\"async\" width=\"1500\" height=\"1000\" title=\"gepco-formacion-primeros-laborales-0\" src=\"https:\/\/gepcoformacion.es\/wp-content\/uploads\/2024\/11\/gepco-formacion-primeros-laborales-0.jpg\" data-orig-src=\"https:\/\/gepcoformacion.es\/wp-content\/uploads\/2024\/11\/gepco-formacion-primeros-laborales-0.jpg\" alt class=\"lazyload img-responsive wp-image-14861\" srcset=\"data:image\/svg+xml,%3Csvg%20xmlns%3D%27http%3A%2F%2Fwww.w3.org%2F2000%2Fsvg%27%20width%3D%271500%27%20height%3D%271000%27%20viewBox%3D%270%200%201500%201000%27%3E%3Crect%20width%3D%271500%27%20height%3D%271000%27%20fill-opacity%3D%220%22%2F%3E%3C%2Fsvg%3E\" data-srcset=\"https:\/\/gepcoformacion.es\/wp-content\/uploads\/2024\/11\/gepco-formacion-primeros-laborales-0-200x133.jpg 200w, https:\/\/gepcoformacion.es\/wp-content\/uploads\/2024\/11\/gepco-formacion-primeros-laborales-0-400x267.jpg 400w, https:\/\/gepcoformacion.es\/wp-content\/uploads\/2024\/11\/gepco-formacion-primeros-laborales-0-600x400.jpg 600w, https:\/\/gepcoformacion.es\/wp-content\/uploads\/2024\/11\/gepco-formacion-primeros-laborales-0-800x533.jpg 800w, https:\/\/gepcoformacion.es\/wp-content\/uploads\/2024\/11\/gepco-formacion-primeros-laborales-0-1200x800.jpg 1200w, https:\/\/gepcoformacion.es\/wp-content\/uploads\/2024\/11\/gepco-formacion-primeros-laborales-0.jpg 1500w\" data-sizes=\"auto\" data-orig-sizes=\"(max-width: 640px) 100vw, 600px\" \/><\/span><\/div><\/div><\/div><div class=\"fusion-layout-column fusion_builder_column fusion-builder-column-7 fusion_builder_column_1_2 1_2 fusion-flex-column\" style=\"--awb-bg-size:cover;--awb-width-large:50%;--awb-margin-top-large:0px;--awb-spacing-right-large:3.84%;--awb-margin-bottom-large:20px;--awb-spacing-left-large:3.84%;--awb-width-medium:50%;--awb-order-medium:0;--awb-spacing-right-medium:3.84%;--awb-spacing-left-medium:3.84%;--awb-width-small:100%;--awb-order-small:0;--awb-spacing-right-small:1.92%;--awb-spacing-left-small:1.92%;\"><div class=\"fusion-column-wrapper fusion-column-has-shadow fusion-flex-justify-content-flex-start fusion-content-layout-column\"><div class=\"fusion-title title fusion-title-3 fusion-sep-none fusion-title-text fusion-title-size-three\" style=\"--awb-font-size:30px;\"><h3 class=\"fusion-title-heading title-heading-left\" style=\"margin:0;font-size:1em;\">Formar-se en primers auxilis laborals et pot ser \u00fatil per a tu i per ajudar els teus companys<\/h3><\/div><div class=\"fusion-text fusion-text-4\"><p>Com has pogut comprovar, <strong>ning\u00fa \u00e9s completament ali\u00e8 als accidents a la feina<\/strong>. De fet, les xifres demostren que en la immensa majoria de sectors se\u2019n produeixen. Quan aix\u00f2 passa, comptar amb persones que saben qu\u00e8 cal fer, com s\u2019ha de moure la persona afectada o qu\u00e8 podem fer per ajudar-la mentre estem a l\u2019espera dels professionals sanitaris \u00e9s essencial. Actuar correctament pot marcar la fina l\u00ednia entre estabilitzar a alg\u00fa o perjudicar-lo sense voler.<\/p>\n<p><strong>A <a href=\"https:\/\/gepcoformacion.es\/ca\/\">GEPCO Formaci\u00f3n<\/a> fa molts anys que impartim cursos de primers auxilis laborals a professionals de tota mena d\u2019\u00e0mbits<\/strong> i et podem assegurar que, tots els nostres alumnes estan satisfets d\u2019haver realitzat el curs. A la nostra formaci\u00f3 et posarem una infinitat de casos reals perqu\u00e8 s\u00e0piguis com actuar si, desafortunadament, t\u2019hi trobes. Des d\u2019immobilitzar alg\u00fa que ha patit un cop al cap, com actuar quan alg\u00fa ha perdut el coneixement, qu\u00e8 s\u2019ha de fer quan un company ha inhalat fum o subst\u00e0ncies t\u00f2xiques, com s\u2019ha de desinfectar correctament una ferida per evitar possibles infeccions: tot aix\u00f2 i molt m\u00e9s ho aprendr\u00e0s amb nosaltres.<\/p>\n<\/div><\/div><\/div><\/div><\/div><div class=\"fusion-fullwidth fullwidth-box fusion-builder-row-5 fusion-flex-container has-pattern-background has-mask-background hundred-percent-fullwidth non-hundred-percent-height-scrolling\" style=\"--awb-border-radius-top-left:0px;--awb-border-radius-top-right:0px;--awb-border-radius-bottom-right:0px;--awb-border-radius-bottom-left:0px;--awb-padding-top:3%;--awb-padding-right:0%;--awb-padding-bottom:3%;--awb-padding-left:0%;--awb-flex-wrap:wrap;\" ><div class=\"fusion-builder-row fusion-row fusion-flex-align-items-center fusion-flex-content-wrap\" style=\"width:104% !important;max-width:104% !important;margin-left: calc(-4% \/ 2 );margin-right: calc(-4% \/ 2 );\"><div class=\"fusion-layout-column fusion_builder_column fusion-builder-column-8 fusion_builder_column_1_2 1_2 fusion-flex-column\" style=\"--awb-bg-size:cover;--awb-width-large:50%;--awb-margin-top-large:0px;--awb-spacing-right-large:3.84%;--awb-margin-bottom-large:20px;--awb-spacing-left-large:3.84%;--awb-width-medium:50%;--awb-order-medium:0;--awb-spacing-right-medium:3.84%;--awb-spacing-left-medium:3.84%;--awb-width-small:100%;--awb-order-small:0;--awb-spacing-right-small:1.92%;--awb-spacing-left-small:1.92%;\"><div class=\"fusion-column-wrapper fusion-column-has-shadow fusion-flex-justify-content-flex-start fusion-content-layout-column\"><div class=\"fusion-title title fusion-title-4 fusion-sep-none fusion-title-text fusion-title-size-three\" style=\"--awb-font-size:30px;\"><h3 class=\"fusion-title-heading title-heading-left\" style=\"margin:0;font-size:1em;\">Aquesta \u00e9s la proposta formativa de primers auxilis laborals de GEPCO Formaci\u00f3n<\/h3><\/div><div class=\"fusion-text fusion-text-5\"><p>A GEPCO Formaci\u00f3n <strong>som uns ferms defensors de la combinaci\u00f3 de la formaci\u00f3 te\u00f2rica amb la formaci\u00f3 pr\u00e0ctica<\/strong>. L\u2019experi\u00e8ncia ens ha demostrat que de ben poc serveix la teoria si no s\u2019ha pogut aplicar o si no s\u2019han pogut detectar aquells errors de comprensi\u00f3 mitjan\u00e7ant pr\u00e0ctiques o simulacres. Per aquest motiu, totes les nostres formacions, inclosa la de primers auxilis laborals, combinen les sessions te\u00f2riques amb una important part pr\u00e0ctica.<\/p>\n<p>En la part <strong>pr\u00e0ctica<\/strong> del curs de primers auxilis laborals que t\u2019oferim, aprendr\u00e0s<strong> t\u00e8cniques de control i valoraci\u00f3 de la v\u00edctima<\/strong>. A partir de simulacions el m\u00e9s reals possible, ser\u00e0s tu mateix qui valori l\u2019estat de la v\u00edctima i determini quins s\u00f3n els passos a seguir. T\u2019ensenyarem quines <strong>maniobres<\/strong> has d\u2019executar quan existeix obstrucci\u00f3 de les vies respirat\u00f2ries i ho posar\u00e0s en pr\u00e0ctica. Tamb\u00e9 practicar\u00e0s com es col\u00b7loca una persona en la posici\u00f3 lateral de seguretat de manera adequada i practicar\u00e0s t\u00e8cniques de reanimaci\u00f3 c\u00e0rdiopulmonar.<\/p>\n<\/div><\/div><\/div><div class=\"fusion-layout-column fusion_builder_column fusion-builder-column-9 fusion_builder_column_1_2 1_2 fusion-flex-column\" style=\"--awb-bg-size:cover;--awb-width-large:50%;--awb-margin-top-large:0px;--awb-spacing-right-large:3.84%;--awb-margin-bottom-large:20px;--awb-spacing-left-large:3.84%;--awb-width-medium:50%;--awb-order-medium:0;--awb-spacing-right-medium:3.84%;--awb-spacing-left-medium:3.84%;--awb-width-small:100%;--awb-order-small:1;--awb-spacing-right-small:1.92%;--awb-spacing-left-small:1.92%;\"><div class=\"fusion-column-wrapper fusion-column-has-shadow fusion-flex-justify-content-flex-start fusion-content-layout-column\"><div class=\"fusion-image-element \" style=\"--awb-caption-title-font-family:var(--h2_typography-font-family);--awb-caption-title-font-weight:var(--h2_typography-font-weight);--awb-caption-title-font-style:var(--h2_typography-font-style);--awb-caption-title-size:var(--h2_typography-font-size);--awb-caption-title-transform:var(--h2_typography-text-transform);--awb-caption-title-line-height:var(--h2_typography-line-height);--awb-caption-title-letter-spacing:var(--h2_typography-letter-spacing);\"><span class=\" fusion-imageframe imageframe-none imageframe-5 hover-type-none\"><img decoding=\"async\" width=\"1500\" height=\"1000\" title=\"gepco-formacion-primeros-laborales-2\" src=\"https:\/\/gepcoformacion.es\/wp-content\/uploads\/2024\/11\/gepco-formacion-primeros-laborales-2.jpg\" data-orig-src=\"https:\/\/gepcoformacion.es\/wp-content\/uploads\/2024\/11\/gepco-formacion-primeros-laborales-2.jpg\" alt class=\"lazyload img-responsive wp-image-14865\" srcset=\"data:image\/svg+xml,%3Csvg%20xmlns%3D%27http%3A%2F%2Fwww.w3.org%2F2000%2Fsvg%27%20width%3D%271500%27%20height%3D%271000%27%20viewBox%3D%270%200%201500%201000%27%3E%3Crect%20width%3D%271500%27%20height%3D%271000%27%20fill-opacity%3D%220%22%2F%3E%3C%2Fsvg%3E\" data-srcset=\"https:\/\/gepcoformacion.es\/wp-content\/uploads\/2024\/11\/gepco-formacion-primeros-laborales-2-200x133.jpg 200w, https:\/\/gepcoformacion.es\/wp-content\/uploads\/2024\/11\/gepco-formacion-primeros-laborales-2-400x267.jpg 400w, https:\/\/gepcoformacion.es\/wp-content\/uploads\/2024\/11\/gepco-formacion-primeros-laborales-2-600x400.jpg 600w, https:\/\/gepcoformacion.es\/wp-content\/uploads\/2024\/11\/gepco-formacion-primeros-laborales-2-800x533.jpg 800w, https:\/\/gepcoformacion.es\/wp-content\/uploads\/2024\/11\/gepco-formacion-primeros-laborales-2-1200x800.jpg 1200w, https:\/\/gepcoformacion.es\/wp-content\/uploads\/2024\/11\/gepco-formacion-primeros-laborales-2.jpg 1500w\" data-sizes=\"auto\" data-orig-sizes=\"(max-width: 640px) 100vw, 600px\" \/><\/span><\/div><\/div><\/div><\/div><\/div><div class=\"fusion-fullwidth fullwidth-box fusion-builder-row-6 fusion-flex-container has-pattern-background has-mask-background hundred-percent-fullwidth non-hundred-percent-height-scrolling\" style=\"--awb-border-radius-top-left:0px;--awb-border-radius-top-right:0px;--awb-border-radius-bottom-right:0px;--awb-border-radius-bottom-left:0px;--awb-padding-top:3%;--awb-padding-right:5%;--awb-padding-bottom:3%;--awb-padding-left:5%;--awb-background-color:var(--awb-color3);--awb-flex-wrap:wrap;\" ><div class=\"fusion-builder-row fusion-row fusion-flex-align-items-center fusion-flex-content-wrap\" style=\"width:104% !important;max-width:104% !important;margin-left: calc(-4% \/ 2 );margin-right: calc(-4% \/ 2 );\"><div class=\"fusion-layout-column fusion_builder_column fusion-builder-column-10 fusion_builder_column_1_2 1_2 fusion-flex-column\" style=\"--awb-bg-size:cover;--awb-width-large:50%;--awb-margin-top-large:0px;--awb-spacing-right-large:3.84%;--awb-margin-bottom-large:0px;--awb-spacing-left-large:3.84%;--awb-width-medium:50%;--awb-order-medium:0;--awb-spacing-right-medium:3.84%;--awb-spacing-left-medium:3.84%;--awb-width-small:100%;--awb-order-small:0;--awb-spacing-right-small:1.92%;--awb-spacing-left-small:1.92%;\"><div class=\"fusion-column-wrapper fusion-column-has-shadow fusion-flex-justify-content-flex-start fusion-content-layout-column\"><div class=\"fusion-title title fusion-title-5 fusion-sep-none fusion-title-text fusion-title-size-two\" style=\"--awb-font-size:30px;\"><h2 class=\"fusion-title-heading title-heading-left\" style=\"margin:0;font-size:1em;\">Contacta amb nosaltres i forma&#8217;t amb els millors<\/h2><\/div><div class=\"fusion-text fusion-text-6\"><p style=\"text-align: left;\">Amb la formaci\u00f3 en primers auxilis laborals de GEPCO Formaci\u00f3n, podr\u00e0s posar a prova els teus coneixements i aprenentatges en situacions molt reals sense que aquells errors que pots cometre tinguin conseq\u00fc\u00e8ncies nefastes.<\/p>\n<\/div><\/div><\/div><div class=\"fusion-layout-column fusion_builder_column fusion-builder-column-11 fusion_builder_column_1_2 1_2 fusion-flex-column\" style=\"--awb-bg-size:cover;--awb-width-large:50%;--awb-margin-top-large:0px;--awb-spacing-right-large:3.84%;--awb-margin-bottom-large:20px;--awb-spacing-left-large:3.84%;--awb-width-medium:50%;--awb-order-medium:0;--awb-spacing-right-medium:3.84%;--awb-spacing-left-medium:3.84%;--awb-width-small:100%;--awb-order-small:0;--awb-spacing-right-small:1.92%;--awb-spacing-left-small:1.92%;\"><div class=\"fusion-column-wrapper fusion-column-has-shadow fusion-flex-justify-content-flex-start fusion-content-layout-column\">\n<div class=\"wpcf7 no-js\" id=\"wpcf7-f11014-o1\" lang=\"ca\" dir=\"ltr\" data-wpcf7-id=\"11014\">\n<div class=\"screen-reader-response\"><p role=\"status\" aria-live=\"polite\" aria-atomic=\"true\"><\/p> <ul><\/ul><\/div>\n<form action=\"\/ca\/wp-json\/wp\/v2\/posts\/14871#wpcf7-f11014-o1\" method=\"post\" class=\"wpcf7-form init\" aria-label=\"Formulari de contacte\" novalidate=\"novalidate\" data-status=\"init\">\n<fieldset class=\"hidden-fields-container\"><input type=\"hidden\" name=\"_wpcf7\" value=\"11014\" \/><input type=\"hidden\" name=\"_wpcf7_version\" value=\"6.1.5\" \/><input type=\"hidden\" name=\"_wpcf7_locale\" value=\"ca\" \/><input type=\"hidden\" name=\"_wpcf7_unit_tag\" value=\"wpcf7-f11014-o1\" \/><input type=\"hidden\" name=\"_wpcf7_container_post\" value=\"0\" \/><input type=\"hidden\" name=\"_wpcf7_posted_data_hash\" value=\"\" \/><input type=\"hidden\" name=\"_wpcf7_recaptcha_response\" value=\"\" \/>\n<\/fieldset>\n<div class=\"uacf7-form-wrapper-container uacf7-form-11014  \">\t\t<span class=\"wpcf7-form-control-wrap uacf7_dynamic_text-116\"\n\t\t\tdata-name=\"uacf7_dynamic_text-116\">\n\n\t\t\t<input id=\"uacf7_uacf7_dynamic_text-116\" class=\"wpcf7-form-control wpcf7-uacf7_dynamic_text\" aria-invalid=\"false\" name=\"uacf7_dynamic_text-116\" size=\"40\" type=\"hidden\" value=\"Per qu\u00e8 els primers auxilis laborals s\u00f3n essencials en qualsevol empresa?\">\n\t\t\t<span><\/span>\n\t\t<\/span>\n\t\t\n\n<div class=\"form-row\">\n<div class=\"column-half\">Nom <\/label>\n    <span class=\"wpcf7-form-control-wrap\" data-name=\"your-name\"><input size=\"40\" maxlength=\"400\" class=\"wpcf7-form-control wpcf7-text wpcf7-validates-as-required\" autocomplete=\"name\" aria-required=\"true\" aria-invalid=\"false\" value=\"\" type=\"text\" name=\"your-name\" \/><\/span> \n<\/div>\n<div class=\"column-half\">Correu electr\u00f2nic <\/label>\n    <span class=\"wpcf7-form-control-wrap\" data-name=\"your-email\"><input size=\"40\" maxlength=\"400\" class=\"wpcf7-form-control wpcf7-email wpcf7-validates-as-required wpcf7-text wpcf7-validates-as-email\" autocomplete=\"email\" aria-required=\"true\" aria-invalid=\"false\" value=\"\" type=\"email\" name=\"your-email\" \/><\/span><\/div>\n<\/div>\n\n<div class=\"form-row\">\n<div class=\"column-half\">Tel\u00e8fon<\/label>\n    <span class=\"wpcf7-form-control-wrap\" data-name=\"tel-383\"><input size=\"40\" maxlength=\"400\" class=\"wpcf7-form-control wpcf7-tel wpcf7-validates-as-required wpcf7-text wpcf7-validates-as-tel\" aria-required=\"true\" aria-invalid=\"false\" value=\"\" type=\"tel\" name=\"tel-383\" \/><\/span>  \n<\/div>\n<div class=\"column-half\">Nom fiscal<\/label>\n    <span class=\"wpcf7-form-control-wrap\" data-name=\"nombre-empresa\"><input size=\"40\" maxlength=\"400\" class=\"wpcf7-form-control wpcf7-text wpcf7-validates-as-required\" autocomplete=\"nombreempresa\" aria-required=\"true\" aria-invalid=\"false\" value=\"\" type=\"text\" name=\"nombre-empresa\" \/><\/span><\/div>\n<\/div>\n\n<div class=\"form-row\">\n<div class=\"column-half\">\n<label> Sol\u00b7l\u00edcites informaci\u00f3 com...<\/label>\n    <span class=\"wpcf7-form-control-wrap\" data-name=\"menu-659\"><select class=\"wpcf7-form-control wpcf7-select\" aria-invalid=\"false\" name=\"menu-659\"><option value=\"Individual \/ Aut\u00f2nom \/ Particulars\">Individual \/ Aut\u00f2nom \/ Particulars<\/option><option value=\"Empresa que vol formar a menys de 5 persones\">Empresa que vol formar a menys de 5 persones<\/option><option value=\"Empresa \/ Grups \/ Formaci\u00f3 adaptada\">Empresa \/ Grups \/ Formaci\u00f3 adaptada<\/option><\/select><\/span>\n<\/div>\n\n<div class=\"column-half\">\n<label> Ubicaci\u00f3 de la formaci\u00f3<\/label>\n    <span class=\"wpcf7-form-control-wrap\" data-name=\"menu-658\"><select class=\"wpcf7-form-control wpcf7-select\" aria-invalid=\"false\" name=\"menu-658\"><option value=\"Sabadell\">Sabadell<\/option><option value=\"Madrid\">Madrid<\/option><option value=\"Cadis\">Cadis<\/option><option value=\"In Company (nom\u00e9s empreses)\">In Company (nom\u00e9s empreses)<\/option><\/select><\/span> \n<\/div>\n\n\n<div class=\"column-full\"><label> Observacions (opcional) <\/label>\n    <span class=\"wpcf7-form-control-wrap\" data-name=\"your-observaciones\"><input size=\"40\" maxlength=\"400\" class=\"wpcf7-form-control wpcf7-text\" aria-invalid=\"false\" value=\"\" type=\"text\" name=\"your-observaciones\" \/><\/span> \n<\/div>\n<\/div>\n\n<\/br>\n<\/br>\n<\/br>\n<\/br>\n<div class=\"column-full\">\n<span class=\"wpcf7-form-control-wrap\" data-name=\"acceptance-784\"><span class=\"wpcf7-form-control wpcf7-acceptance\"><span class=\"wpcf7-list-item\"><label><input type=\"checkbox\" name=\"acceptance-784\" value=\"1\" aria-invalid=\"false\" \/><span class=\"wpcf7-list-item-label\">He llegit i accepto la <a href=\"https:\/\/gepcoformacion.es\/politica-de-privacidad\/\">Pol&iacute;tica de Privadesa<\/a> i l&apos;<a href=\"https:\/\/gepcoformacion.es\/aviso-legal\/\">Av&iacute;s Legal<\/a><\/span><\/label><\/span><\/span><\/span>\n<\/br>\n<input class=\"wpcf7-form-control wpcf7-submit has-spinner\" id=\"formulari-individuales-oberta\" type=\"submit\" value=\"Enviar\" \/>\n<\/div>\n\n<input class=\"wpcf7-form-control wpcf7-hidden\" id=\"traffic_source\" value=\"direct\" type=\"hidden\" name=\"traffic_source\" \/>\n\n<input class=\"wpcf7-form-control wpcf7-hidden\" value=\"\" type=\"hidden\" name=\"debug_cookie\" \/>\n<input class=\"wpcf7-form-control wpcf7-hidden\" value=\"- \/ca\/wp-json\/wp\/v2\/posts\/14871\" type=\"hidden\" name=\"debug_1\" \/>\n<input class=\"wpcf7-form-control wpcf7-hidden\" value=\"Mozilla\/5.0 AppleWebKit\/537.36 (KHTML, like Gecko; compatible; ClaudeBot\/1.0; +claudebot@anthropic.com)\" type=\"hidden\" name=\"debug_2\" \/><\/div><div class=\"fusion-alert alert custom alert-custom fusion-alert-center wpcf7-response-output awb-alert-native-link-color alert-dismissable awb-alert-close-boxed\" style=\"--awb-border-size:1px;--awb-border-top-left-radius:0px;--awb-border-top-right-radius:0px;--awb-border-bottom-left-radius:0px;--awb-border-bottom-right-radius:0px;\" role=\"alert\"><div class=\"fusion-alert-content-wrapper\"><span class=\"fusion-alert-content\"><\/span><\/div><button type=\"button\" class=\"close toggle-alert\" data-dismiss=\"alert\" aria-label=\"Close\">&times;<\/button><\/div>\n<\/form>\n<\/div>\n<\/div><\/div><\/div><\/div><\/p>\n","protected":false},"excerpt":{"rendered":"","protected":false},"author":8,"featured_media":14859,"comment_status":"closed","ping_status":"closed","sticky":false,"template":"","format":"standard","meta":{"_acf_changed":false,"footnotes":""},"categories":[125],"tags":[340],"class_list":["post-14871","post","type-post","status-publish","format-standard","has-post-thumbnail","hentry","category-blog","tag-lluis-ca"],"acf":[],"_links":{"self":[{"href":"https:\/\/gepcoformacion.es\/ca\/wp-json\/wp\/v2\/posts\/14871","targetHints":{"allow":["GET"]}}],"collection":[{"href":"https:\/\/gepcoformacion.es\/ca\/wp-json\/wp\/v2\/posts"}],"about":[{"href":"https:\/\/gepcoformacion.es\/ca\/wp-json\/wp\/v2\/types\/post"}],"author":[{"embeddable":true,"href":"https:\/\/gepcoformacion.es\/ca\/wp-json\/wp\/v2\/users\/8"}],"replies":[{"embeddable":true,"href":"https:\/\/gepcoformacion.es\/ca\/wp-json\/wp\/v2\/comments?post=14871"}],"version-history":[{"count":8,"href":"https:\/\/gepcoformacion.es\/ca\/wp-json\/wp\/v2\/posts\/14871\/revisions"}],"predecessor-version":[{"id":16366,"href":"https:\/\/gepcoformacion.es\/ca\/wp-json\/wp\/v2\/posts\/14871\/revisions\/16366"}],"wp:featuredmedia":[{"embeddable":true,"href":"https:\/\/gepcoformacion.es\/ca\/wp-json\/wp\/v2\/media\/14859"}],"wp:attachment":[{"href":"https:\/\/gepcoformacion.es\/ca\/wp-json\/wp\/v2\/media?parent=14871"}],"wp:term":[{"taxonomy":"category","embeddable":true,"href":"https:\/\/gepcoformacion.es\/ca\/wp-json\/wp\/v2\/categories?post=14871"},{"taxonomy":"post_tag","embeddable":true,"href":"https:\/\/gepcoformacion.es\/ca\/wp-json\/wp\/v2\/tags?post=14871"}],"curies":[{"name":"wp","href":"https:\/\/api.w.org\/{rel}","templated":true}]}}