{"id":13249,"date":"2024-04-10T08:06:42","date_gmt":"2024-04-10T06:06:42","guid":{"rendered":"https:\/\/gepcoformacion.es\/blog\/curso-de-prevencion-de-riesgos-laborales\/"},"modified":"2026-02-26T13:49:00","modified_gmt":"2026-02-26T12:49:00","slug":"curs-de-prevencio-de-riscos-laborals","status":"publish","type":"post","link":"https:\/\/gepcoformacion.es\/ca\/blog\/curs-de-prevencio-de-riscos-laborals\/","title":{"rendered":"Per qu\u00e8 s\u00f3n importants els cursos de prevenci\u00f3 de riscos laborals?"},"content":{"rendered":"<p><div class=\"fusion-fullwidth fullwidth-box fusion-builder-row-1 fusion-flex-container has-pattern-background has-mask-background hundred-percent-fullwidth non-hundred-percent-height-scrolling\" style=\"--awb-border-radius-top-left:0px;--awb-border-radius-top-right:0px;--awb-border-radius-bottom-right:0px;--awb-border-radius-bottom-left:0px;--awb-padding-top:0%;--awb-padding-right:0%;--awb-padding-bottom:2%;--awb-padding-left:0%;--awb-flex-wrap:wrap;\" ><div class=\"fusion-builder-row fusion-row fusion-flex-align-items-center fusion-flex-content-wrap\" style=\"width:104% !important;max-width:104% !important;margin-left: calc(-4% \/ 2 );margin-right: calc(-4% \/ 2 );\"><div class=\"fusion-layout-column fusion_builder_column fusion-builder-column-0 fusion_builder_column_1_2 1_2 fusion-flex-column\" style=\"--awb-bg-size:cover;--awb-width-large:50%;--awb-margin-top-large:0px;--awb-spacing-right-large:3.84%;--awb-margin-bottom-large:20px;--awb-spacing-left-large:3.84%;--awb-width-medium:50%;--awb-order-medium:0;--awb-spacing-right-medium:3.84%;--awb-spacing-left-medium:3.84%;--awb-width-small:100%;--awb-order-small:0;--awb-spacing-right-small:1.92%;--awb-spacing-left-small:1.92%;\"><div class=\"fusion-column-wrapper fusion-column-has-shadow fusion-flex-justify-content-flex-start fusion-content-layout-column\"><div class=\"fusion-title title fusion-title-1 fusion-sep-none fusion-title-text fusion-title-size-two\" style=\"--awb-font-size:35px;\"><h2 class=\"fusion-title-heading title-heading-left\" style=\"margin:0;font-size:1em;\">Que no et faci mandra fer un curs de prevenci\u00f3 de riscos laborals!<\/h2><\/div><div class=\"fusion-text fusion-text-1\"><p>Si quan la teva empresa et comunica que has de realitzar un curs de prevenci\u00f3 de riscos laborals el primer que et passa pel cap \u00e9s \u201cquina mandra, aix\u00f2 no serveix per a res\u201d, ens sap greu dir-te que est\u00e0s molt equivocat. A GEPCO Formaci\u00f3n comptem amb una llarga traject\u00f2ria impartint formacions de PRL i tenim exemples de sobres per rebatre la teva afirmaci\u00f3. Realitzar qualsevol mena de curs de prevenci\u00f3 de riscos laborals, sempre que sigui de qualitat, mai \u00e9s una p\u00e8rdua de temps. M\u00e9s aviat al contrari, en el moment menys pensat et pot ajudar a salvar una vida o evitar danys importants, sigui als teus companys o a tu mateix.<\/p>\n<p>Tamb\u00e9 existeixen algunes empreses que err\u00f2niament consideren una p\u00e8rdua de temps fer un curs de prevenci\u00f3 de riscos laborals. L\u2019argument amb el qual sostenen aquesta idea \u00e9s que mentre els seus treballadors estan fent les formacions PRL no estan sent productius. Alguns, fins i tot consideren que aquests cursos s\u00f3n una p\u00e8rdua de temps. No es pot estar m\u00e9s equivocat.<\/p>\n<\/div><\/div><\/div><div class=\"fusion-layout-column fusion_builder_column fusion-builder-column-1 fusion_builder_column_1_2 1_2 fusion-flex-column\" style=\"--awb-bg-size:cover;--awb-width-large:50%;--awb-margin-top-large:0px;--awb-spacing-right-large:3.84%;--awb-margin-bottom-large:20px;--awb-spacing-left-large:3.84%;--awb-width-medium:50%;--awb-order-medium:0;--awb-spacing-right-medium:3.84%;--awb-spacing-left-medium:3.84%;--awb-width-small:100%;--awb-order-small:0;--awb-spacing-right-small:1.92%;--awb-spacing-left-small:1.92%;\"><div class=\"fusion-column-wrapper fusion-column-has-shadow fusion-flex-justify-content-flex-start fusion-content-layout-column\"><div class=\"fusion-image-element \" style=\"--awb-caption-title-font-family:var(--h2_typography-font-family);--awb-caption-title-font-weight:var(--h2_typography-font-weight);--awb-caption-title-font-style:var(--h2_typography-font-style);--awb-caption-title-size:var(--h2_typography-font-size);--awb-caption-title-transform:var(--h2_typography-text-transform);--awb-caption-title-line-height:var(--h2_typography-line-height);--awb-caption-title-letter-spacing:var(--h2_typography-letter-spacing);\"><span class=\" fusion-imageframe imageframe-none imageframe-1 hover-type-none\"><img decoding=\"async\" width=\"1500\" height=\"1000\" title=\"cursos-prevencion-riesgos-gepco-1\" src=\"https:\/\/gepcoformacion.es\/wp-content\/uploads\/2024\/04\/cursos-prevencion-riesgos-gepco-1.jpg\" data-orig-src=\"https:\/\/gepcoformacion.es\/wp-content\/uploads\/2024\/04\/cursos-prevencion-riesgos-gepco-1.jpg\" alt class=\"lazyload img-responsive wp-image-13168\" srcset=\"data:image\/svg+xml,%3Csvg%20xmlns%3D%27http%3A%2F%2Fwww.w3.org%2F2000%2Fsvg%27%20width%3D%271500%27%20height%3D%271000%27%20viewBox%3D%270%200%201500%201000%27%3E%3Crect%20width%3D%271500%27%20height%3D%271000%27%20fill-opacity%3D%220%22%2F%3E%3C%2Fsvg%3E\" data-srcset=\"https:\/\/gepcoformacion.es\/wp-content\/uploads\/2024\/04\/cursos-prevencion-riesgos-gepco-1-200x133.jpg 200w, https:\/\/gepcoformacion.es\/wp-content\/uploads\/2024\/04\/cursos-prevencion-riesgos-gepco-1-400x267.jpg 400w, https:\/\/gepcoformacion.es\/wp-content\/uploads\/2024\/04\/cursos-prevencion-riesgos-gepco-1-600x400.jpg 600w, https:\/\/gepcoformacion.es\/wp-content\/uploads\/2024\/04\/cursos-prevencion-riesgos-gepco-1-800x533.jpg 800w, https:\/\/gepcoformacion.es\/wp-content\/uploads\/2024\/04\/cursos-prevencion-riesgos-gepco-1-1200x800.jpg 1200w, https:\/\/gepcoformacion.es\/wp-content\/uploads\/2024\/04\/cursos-prevencion-riesgos-gepco-1.jpg 1500w\" data-sizes=\"auto\" data-orig-sizes=\"(max-width: 640px) 100vw, 600px\" \/><\/span><\/div><\/div><\/div><\/div><\/div><div class=\"fusion-fullwidth fullwidth-box fusion-builder-row-2 fusion-flex-container has-pattern-background has-mask-background hundred-percent-fullwidth non-hundred-percent-height-scrolling\" style=\"--awb-border-radius-top-left:0px;--awb-border-radius-top-right:0px;--awb-border-radius-bottom-right:0px;--awb-border-radius-bottom-left:0px;--awb-padding-top:2%;--awb-padding-right:0%;--awb-padding-bottom:2%;--awb-padding-left:0%;--awb-flex-wrap:wrap;\" ><div class=\"fusion-builder-row fusion-row fusion-flex-align-items-center fusion-flex-content-wrap\" style=\"width:104% !important;max-width:104% !important;margin-left: calc(-4% \/ 2 );margin-right: calc(-4% \/ 2 );\"><div class=\"fusion-layout-column fusion_builder_column fusion-builder-column-2 fusion_builder_column_1_2 1_2 fusion-flex-column\" style=\"--awb-bg-size:cover;--awb-width-large:50%;--awb-margin-top-large:0px;--awb-spacing-right-large:3.84%;--awb-margin-bottom-large:20px;--awb-spacing-left-large:3.84%;--awb-width-medium:50%;--awb-order-medium:0;--awb-spacing-right-medium:3.84%;--awb-spacing-left-medium:3.84%;--awb-width-small:100%;--awb-order-small:1;--awb-spacing-right-small:1.92%;--awb-spacing-left-small:1.92%;\"><div class=\"fusion-column-wrapper fusion-column-has-shadow fusion-flex-justify-content-flex-start fusion-content-layout-column\"><div class=\"fusion-image-element \" style=\"--awb-caption-title-font-family:var(--h2_typography-font-family);--awb-caption-title-font-weight:var(--h2_typography-font-weight);--awb-caption-title-font-style:var(--h2_typography-font-style);--awb-caption-title-size:var(--h2_typography-font-size);--awb-caption-title-transform:var(--h2_typography-text-transform);--awb-caption-title-line-height:var(--h2_typography-line-height);--awb-caption-title-letter-spacing:var(--h2_typography-letter-spacing);\"><span class=\" fusion-imageframe imageframe-none imageframe-2 hover-type-none\"><img decoding=\"async\" width=\"1500\" height=\"1000\" title=\"cursos-prevencion-riesgos-gepco-3\" src=\"https:\/\/gepcoformacion.es\/wp-content\/uploads\/2024\/04\/cursos-prevencion-riesgos-gepco-3.jpg\" data-orig-src=\"https:\/\/gepcoformacion.es\/wp-content\/uploads\/2024\/04\/cursos-prevencion-riesgos-gepco-3.jpg\" alt class=\"lazyload img-responsive wp-image-13177\" srcset=\"data:image\/svg+xml,%3Csvg%20xmlns%3D%27http%3A%2F%2Fwww.w3.org%2F2000%2Fsvg%27%20width%3D%271500%27%20height%3D%271000%27%20viewBox%3D%270%200%201500%201000%27%3E%3Crect%20width%3D%271500%27%20height%3D%271000%27%20fill-opacity%3D%220%22%2F%3E%3C%2Fsvg%3E\" data-srcset=\"https:\/\/gepcoformacion.es\/wp-content\/uploads\/2024\/04\/cursos-prevencion-riesgos-gepco-3-200x133.jpg 200w, https:\/\/gepcoformacion.es\/wp-content\/uploads\/2024\/04\/cursos-prevencion-riesgos-gepco-3-400x267.jpg 400w, https:\/\/gepcoformacion.es\/wp-content\/uploads\/2024\/04\/cursos-prevencion-riesgos-gepco-3-600x400.jpg 600w, https:\/\/gepcoformacion.es\/wp-content\/uploads\/2024\/04\/cursos-prevencion-riesgos-gepco-3-800x533.jpg 800w, https:\/\/gepcoformacion.es\/wp-content\/uploads\/2024\/04\/cursos-prevencion-riesgos-gepco-3-1200x800.jpg 1200w, https:\/\/gepcoformacion.es\/wp-content\/uploads\/2024\/04\/cursos-prevencion-riesgos-gepco-3.jpg 1500w\" data-sizes=\"auto\" data-orig-sizes=\"(max-width: 640px) 100vw, 600px\" \/><\/span><\/div><\/div><\/div><div class=\"fusion-layout-column fusion_builder_column fusion-builder-column-3 fusion_builder_column_1_2 1_2 fusion-flex-column\" style=\"--awb-bg-size:cover;--awb-width-large:50%;--awb-margin-top-large:0px;--awb-spacing-right-large:3.84%;--awb-margin-bottom-large:20px;--awb-spacing-left-large:3.84%;--awb-width-medium:50%;--awb-order-medium:0;--awb-spacing-right-medium:3.84%;--awb-spacing-left-medium:3.84%;--awb-width-small:100%;--awb-order-small:0;--awb-spacing-right-small:1.92%;--awb-spacing-left-small:1.92%;\"><div class=\"fusion-column-wrapper fusion-column-has-shadow fusion-flex-justify-content-flex-start fusion-content-layout-column\"><div class=\"fusion-title title fusion-title-2 fusion-sep-none fusion-title-text fusion-title-size-two\" style=\"--awb-font-size:35px;\"><h2 class=\"fusion-title-heading title-heading-left\" style=\"margin:0;font-size:1em;\">No tornar\u00e0s a dir que un curs de prevenci\u00f3 de riscos laborals no serveix per a res\u2026<\/h2><\/div><div class=\"fusion-text fusion-text-2\"><p>Les xifres s\u00f3n esfere\u00efdores: segons l\u2019Informe Anual d\u2019Accidents Laborals a Espanya el 2002, el 61,9% de les morts en entorns laborals es podrien haver evitat tenint la formaci\u00f3 necess\u00e0ria. Encara penses que els cursos de prevenci\u00f3 de riscos laborals o <a href=\"https:\/\/gepcoformacion.es\/ca\/formacio\/curs-primers-auxilis\/\">cursos de primers auxilis<\/a> no serveixen per a res?<\/p>\n<p>La feina \u00e9s un dels llocs on passem m\u00e9s hores al dia, almenys vuit. Durant aquestes hores poden oc\u00f3rrer imprevistos o poden esdevenir circumst\u00e0ncies que estan fora del nostre control i que poden ocasionar danys materials i humans. Saber com s\u2019ha d\u2019actuar en aquests casos i fer-ho de manera r\u00e0pida pot marcar la clara difer\u00e8ncia entre minimitzar els danys ocasionats a la m\u00ednima expressi\u00f3 o b\u00e9 haver-se de lamentar.<\/p>\n<\/div><\/div><\/div><\/div><\/div><div class=\"fusion-fullwidth fullwidth-box fusion-builder-row-3 fusion-flex-container has-pattern-background has-mask-background hundred-percent-fullwidth non-hundred-percent-height-scrolling\" style=\"--awb-border-radius-top-left:0px;--awb-border-radius-top-right:0px;--awb-border-radius-bottom-right:0px;--awb-border-radius-bottom-left:0px;--awb-padding-top:2%;--awb-padding-right:0%;--awb-padding-bottom:2%;--awb-padding-left:0%;--awb-flex-wrap:wrap;\" ><div class=\"fusion-builder-row fusion-row fusion-flex-align-items-center fusion-flex-content-wrap\" style=\"width:104% !important;max-width:104% !important;margin-left: calc(-4% \/ 2 );margin-right: calc(-4% \/ 2 );\"><div class=\"fusion-layout-column fusion_builder_column fusion-builder-column-4 fusion_builder_column_1_2 1_2 fusion-flex-column\" style=\"--awb-bg-size:cover;--awb-width-large:50%;--awb-margin-top-large:0px;--awb-spacing-right-large:3.84%;--awb-margin-bottom-large:20px;--awb-spacing-left-large:3.84%;--awb-width-medium:50%;--awb-order-medium:0;--awb-spacing-right-medium:3.84%;--awb-spacing-left-medium:3.84%;--awb-width-small:100%;--awb-order-small:1;--awb-spacing-right-small:1.92%;--awb-spacing-left-small:1.92%;\"><div class=\"fusion-column-wrapper fusion-column-has-shadow fusion-flex-justify-content-flex-start fusion-content-layout-column\"><div class=\"fusion-text fusion-text-3\"><p>Si b\u00e9 existeixen aquestes circumst\u00e0ncies imprevistes en l\u2019entorn laboral, n\u2019hi ha d\u2019altres que les podem anticipar abans que passin. En funci\u00f3 del lloc on es duu a terme una feina poden haver-hi m\u00e9s o menys riscos.<\/p>\n<p>No \u00e9s el mateix treballar assegut en una oficina que fer-ho sobre una bastida a cinc o sis metres d\u2019altura. Un altre factor que pot determinar si estem o no exposats a riscos \u00e9s el producte o material amb qu\u00e8 treballem. Si es treballa amb subst\u00e0ncies qu\u00edmiques o subst\u00e0ncies que poden ser nocives per a la salut, hi ha un risc m\u00e9s gran que en altres circumst\u00e0ncies.<\/p>\n<p>Finalment, les eines que fem servir per treballar s\u00f3n un altre element a tenir en compte per calcular si estem exposats o no a riscos. No implica el mateix risc treballar amb un ordinador que amb carretons elevadors.<\/p>\n<\/div><div ><a class=\"fusion-button button-flat fusion-button-default-size button-default fusion-button-default button-1 fusion-button-default-span fusion-button-default-type\" style=\"--button-border-radius-top-left:5px;--button-border-radius-top-right:5px;--button-border-radius-bottom-right:5px;--button-border-radius-bottom-left:5px;\" target=\"_self\" href=\"https:\/\/gepcoformacion.es\/ca\/formacio\/\"><span class=\"fusion-button-text awb-button__text awb-button__text--default\">Oferta formativa de GEPCO<\/span><\/a><\/div><\/div><\/div><div class=\"fusion-layout-column fusion_builder_column fusion-builder-column-5 fusion_builder_column_1_2 1_2 fusion-flex-column\" style=\"--awb-bg-size:cover;--awb-width-large:50%;--awb-margin-top-large:0px;--awb-spacing-right-large:3.84%;--awb-margin-bottom-large:20px;--awb-spacing-left-large:3.84%;--awb-width-medium:50%;--awb-order-medium:0;--awb-spacing-right-medium:3.84%;--awb-spacing-left-medium:3.84%;--awb-width-small:100%;--awb-order-small:0;--awb-spacing-right-small:1.92%;--awb-spacing-left-small:1.92%;\"><div class=\"fusion-column-wrapper fusion-column-has-shadow fusion-flex-justify-content-flex-start fusion-content-layout-column\"><div class=\"fusion-image-element fusion-no-small-visibility\" style=\"--awb-caption-title-font-family:var(--h2_typography-font-family);--awb-caption-title-font-weight:var(--h2_typography-font-weight);--awb-caption-title-font-style:var(--h2_typography-font-style);--awb-caption-title-size:var(--h2_typography-font-size);--awb-caption-title-transform:var(--h2_typography-text-transform);--awb-caption-title-line-height:var(--h2_typography-line-height);--awb-caption-title-letter-spacing:var(--h2_typography-letter-spacing);\"><span class=\" fusion-imageframe imageframe-none imageframe-3 hover-type-none\"><img decoding=\"async\" width=\"1500\" height=\"1001\" title=\"cursos-prevencion-riesgos-gepco-0\" src=\"https:\/\/gepcoformacion.es\/wp-content\/uploads\/2024\/04\/cursos-prevencion-riesgos-gepco-0.jpg\" data-orig-src=\"https:\/\/gepcoformacion.es\/wp-content\/uploads\/2024\/04\/cursos-prevencion-riesgos-gepco-0.jpg\" alt class=\"lazyload img-responsive wp-image-13166\" srcset=\"data:image\/svg+xml,%3Csvg%20xmlns%3D%27http%3A%2F%2Fwww.w3.org%2F2000%2Fsvg%27%20width%3D%271500%27%20height%3D%271001%27%20viewBox%3D%270%200%201500%201001%27%3E%3Crect%20width%3D%271500%27%20height%3D%271001%27%20fill-opacity%3D%220%22%2F%3E%3C%2Fsvg%3E\" data-srcset=\"https:\/\/gepcoformacion.es\/wp-content\/uploads\/2024\/04\/cursos-prevencion-riesgos-gepco-0-200x133.jpg 200w, https:\/\/gepcoformacion.es\/wp-content\/uploads\/2024\/04\/cursos-prevencion-riesgos-gepco-0-400x267.jpg 400w, https:\/\/gepcoformacion.es\/wp-content\/uploads\/2024\/04\/cursos-prevencion-riesgos-gepco-0-600x400.jpg 600w, https:\/\/gepcoformacion.es\/wp-content\/uploads\/2024\/04\/cursos-prevencion-riesgos-gepco-0-800x534.jpg 800w, https:\/\/gepcoformacion.es\/wp-content\/uploads\/2024\/04\/cursos-prevencion-riesgos-gepco-0-1200x801.jpg 1200w, https:\/\/gepcoformacion.es\/wp-content\/uploads\/2024\/04\/cursos-prevencion-riesgos-gepco-0.jpg 1500w\" data-sizes=\"auto\" data-orig-sizes=\"(max-width: 640px) 100vw, 600px\" \/><\/span><\/div><\/div><\/div><\/div><\/div><div class=\"fusion-fullwidth fullwidth-box fusion-builder-row-4 fusion-flex-container has-pattern-background has-mask-background hundred-percent-fullwidth non-hundred-percent-height-scrolling\" style=\"--awb-border-radius-top-left:0px;--awb-border-radius-top-right:0px;--awb-border-radius-bottom-right:0px;--awb-border-radius-bottom-left:0px;--awb-padding-top:2%;--awb-padding-right:0%;--awb-padding-bottom:2%;--awb-padding-left:0%;--awb-flex-wrap:wrap;\" ><div class=\"fusion-builder-row fusion-row fusion-flex-align-items-flex-start fusion-flex-content-wrap\" style=\"width:104% !important;max-width:104% !important;margin-left: calc(-4% \/ 2 );margin-right: calc(-4% \/ 2 );\"><div class=\"fusion-layout-column fusion_builder_column fusion-builder-column-6 fusion_builder_column_1_2 1_2 fusion-flex-column\" style=\"--awb-bg-size:cover;--awb-width-large:50%;--awb-margin-top-large:0px;--awb-spacing-right-large:3.84%;--awb-margin-bottom-large:20px;--awb-spacing-left-large:3.84%;--awb-width-medium:50%;--awb-order-medium:0;--awb-spacing-right-medium:3.84%;--awb-spacing-left-medium:3.84%;--awb-width-small:100%;--awb-order-small:0;--awb-spacing-right-small:1.92%;--awb-spacing-left-small:1.92%;\"><div class=\"fusion-column-wrapper fusion-column-has-shadow fusion-flex-justify-content-flex-start fusion-content-layout-column\"><div class=\"fusion-image-element \" style=\"--awb-aspect-ratio:1 \/ 1;--awb-caption-title-font-family:var(--h2_typography-font-family);--awb-caption-title-font-weight:var(--h2_typography-font-weight);--awb-caption-title-font-style:var(--h2_typography-font-style);--awb-caption-title-size:var(--h2_typography-font-size);--awb-caption-title-transform:var(--h2_typography-text-transform);--awb-caption-title-line-height:var(--h2_typography-line-height);--awb-caption-title-letter-spacing:var(--h2_typography-letter-spacing);\"><span class=\" fusion-imageframe imageframe-none imageframe-4 hover-type-none has-aspect-ratio\"><img decoding=\"async\" width=\"1500\" height=\"1000\" title=\"cursos-prevencion-riesgos-gepco-2\" src=\"https:\/\/gepcoformacion.es\/wp-content\/uploads\/2024\/04\/cursos-prevencion-riesgos-gepco-2.jpg\" data-orig-src=\"https:\/\/gepcoformacion.es\/wp-content\/uploads\/2024\/04\/cursos-prevencion-riesgos-gepco-2.jpg\" class=\"lazyload img-responsive wp-image-13164 img-with-aspect-ratio\" data-parent-fit=\"cover\" data-parent-container=\".fusion-image-element\" alt srcset=\"data:image\/svg+xml,%3Csvg%20xmlns%3D%27http%3A%2F%2Fwww.w3.org%2F2000%2Fsvg%27%20width%3D%271500%27%20height%3D%271000%27%20viewBox%3D%270%200%201500%201000%27%3E%3Crect%20width%3D%271500%27%20height%3D%271000%27%20fill-opacity%3D%220%22%2F%3E%3C%2Fsvg%3E\" data-srcset=\"https:\/\/gepcoformacion.es\/wp-content\/uploads\/2024\/04\/cursos-prevencion-riesgos-gepco-2-200x133.jpg 200w, https:\/\/gepcoformacion.es\/wp-content\/uploads\/2024\/04\/cursos-prevencion-riesgos-gepco-2-400x267.jpg 400w, https:\/\/gepcoformacion.es\/wp-content\/uploads\/2024\/04\/cursos-prevencion-riesgos-gepco-2-600x400.jpg 600w, https:\/\/gepcoformacion.es\/wp-content\/uploads\/2024\/04\/cursos-prevencion-riesgos-gepco-2-800x533.jpg 800w, https:\/\/gepcoformacion.es\/wp-content\/uploads\/2024\/04\/cursos-prevencion-riesgos-gepco-2-1200x800.jpg 1200w, https:\/\/gepcoformacion.es\/wp-content\/uploads\/2024\/04\/cursos-prevencion-riesgos-gepco-2.jpg 1500w\" data-sizes=\"auto\" data-orig-sizes=\"(max-width: 640px) 100vw, 600px\" \/><\/span><\/div><\/div><\/div><div class=\"fusion-layout-column fusion_builder_column fusion-builder-column-7 fusion_builder_column_1_2 1_2 fusion-flex-column\" style=\"--awb-bg-size:cover;--awb-width-large:50%;--awb-margin-top-large:0px;--awb-spacing-right-large:3.84%;--awb-margin-bottom-large:20px;--awb-spacing-left-large:3.84%;--awb-width-medium:50%;--awb-order-medium:0;--awb-spacing-right-medium:3.84%;--awb-spacing-left-medium:3.84%;--awb-width-small:100%;--awb-order-small:0;--awb-spacing-right-small:1.92%;--awb-spacing-left-small:1.92%;\"><div class=\"fusion-column-wrapper fusion-column-has-shadow fusion-flex-justify-content-flex-start fusion-content-layout-column\"><div class=\"fusion-title title fusion-title-3 fusion-sep-none fusion-title-text fusion-title-size-two\" style=\"--awb-font-size:35px;\"><h2 class=\"fusion-title-heading title-heading-left\" style=\"margin:0;font-size:1em;\">Quins cursos de prevenci\u00f3 de riscos laborals et podem oferir des de GEPCO?<\/h2><\/div><div class=\"fusion-text fusion-text-4\"><p>A GEPCO Formaci\u00f3n treballem cada dia per oferir als nostres clients, tant particulars com empreses, formacions de gran qualitat que puguin donar resposta a les necessitats reals que es troben en el seu dia a dia laboral. No serveix de res oferir formacions obsoletes o que no aporten contingut ni coneixements de valor.<\/p>\n<p>A part de les formacions b\u00e0siques en mat\u00e8ria de primers auxilis i extinci\u00f3 d\u2019incendis, tamb\u00e9 comptem amb nou cursos de prevenci\u00f3 de riscos laborals. A continuaci\u00f3, et detallem el m\u00e9s rellevant de cada un d\u2019ells.<\/p>\n<\/div><div class=\"accordian fusion-accordian\" style=\"--awb-border-size:1px;--awb-icon-size:15px;--awb-content-font-size:var(--awb-typography4-font-size);--awb-icon-alignment:left;--awb-hover-color:var(--awb-color2);--awb-border-color:var(--awb-color3);--awb-background-color:var(--awb-color1);--awb-divider-color:var(--awb-color3);--awb-divider-hover-color:var(--awb-color3);--awb-icon-color:var(--awb-color1);--awb-title-color:var(--awb-color8);--awb-content-color:var(--awb-color8);--awb-icon-box-color:var(--awb-color8);--awb-toggle-hover-accent-color:var(--awb-color5);--awb-title-font-family:var(--awb-typography1-font-family);--awb-title-font-weight:var(--awb-typography1-font-weight);--awb-title-font-style:var(--awb-typography1-font-style);--awb-title-font-size:17px;--awb-title-letter-spacing:var(--awb-typography1-letter-spacing);--awb-title-line-height:var(--awb-typography1-line-height);--awb-content-font-family:var(--awb-typography4-font-family);--awb-content-font-weight:var(--awb-typography4-font-weight);--awb-content-font-style:var(--awb-typography4-font-style);\"><div class=\"panel-group fusion-toggle-icon-boxed\" id=\"accordion-13249-1\"><div class=\"fusion-panel panel-default panel-0039a4bf1b7a43c2d fusion-toggle-has-divider\" style=\"--awb-title-color:var(--awb-color8);\"><div class=\"panel-heading\"><h3 class=\"panel-title toggle\" id=\"toggle_0039a4bf1b7a43c2d\"><a aria-expanded=\"false\" aria-controls=\"0039a4bf1b7a43c2d\" role=\"button\" data-toggle=\"collapse\" data-parent=\"#accordion-13249-1\" data-target=\"#0039a4bf1b7a43c2d\" href=\"#0039a4bf1b7a43c2d\"><span class=\"fusion-toggle-icon-wrapper\" aria-hidden=\"true\"><i class=\"fa-fusion-box active-icon awb-icon-minus\" aria-hidden=\"true\"><\/i><i class=\"fa-fusion-box inactive-icon awb-icon-plus\" aria-hidden=\"true\"><\/i><\/span><span class=\"fusion-toggle-heading\">Curs PRL de treballs en altura<\/span><\/a><\/h3><\/div><div id=\"0039a4bf1b7a43c2d\" class=\"panel-collapse collapse \" aria-labelledby=\"toggle_0039a4bf1b7a43c2d\"><div class=\"panel-body toggle-content fusion-clearfix\">\n<p>El <a href=\"https:\/\/gepcoformacion.es\/ca\/formacio\/curs-treball-altura\/\">curs de treballs en altura<\/a> \u00e9s imprescindible per a aquells operaris que han de dur a terme les seves tasques di\u00e0ries sense tenir els peus a terra, ja que s\u2019han d\u2019enfilar en bastides. Treballar damunt d\u2019aquestes estructures comporta un risc afegit que es pot minimitzar amb el nostre curs.<\/p>\n<\/div><\/div><\/div><div class=\"fusion-panel panel-default panel-e33436d030d54acd6 fusion-toggle-has-divider\" style=\"--awb-title-color:var(--awb-color8);\"><div class=\"panel-heading\"><h3 class=\"panel-title toggle\" id=\"toggle_e33436d030d54acd6\"><a aria-expanded=\"false\" aria-controls=\"e33436d030d54acd6\" role=\"button\" data-toggle=\"collapse\" data-parent=\"#accordion-13249-1\" data-target=\"#e33436d030d54acd6\" href=\"#e33436d030d54acd6\"><span class=\"fusion-toggle-icon-wrapper\" aria-hidden=\"true\"><i class=\"fa-fusion-box active-icon awb-icon-minus\" aria-hidden=\"true\"><\/i><i class=\"fa-fusion-box inactive-icon awb-icon-plus\" aria-hidden=\"true\"><\/i><\/span><span class=\"fusion-toggle-heading\">Curs PRL de treballs verticals<\/span><\/a><\/h3><\/div><div id=\"e33436d030d54acd6\" class=\"panel-collapse collapse \" aria-labelledby=\"toggle_e33436d030d54acd6\"><div class=\"panel-body toggle-content fusion-clearfix\">\n<p>El <a href=\"https:\/\/gepcoformacion.es\/ca\/formacio\/curs-de-treballs-verticals\/\">curs de treballs verticals <\/a>serveix perqu\u00e8 els treballadors que fan les seves feines penjats amb cordes puguin saber com han d\u2019actuar per estar segurs i qu\u00e8 han de fer davant de qualsevol situaci\u00f3 imprevista que pugui suposar un risc per a ells.<\/p>\n<\/div><\/div><\/div><div class=\"fusion-panel panel-default panel-f793dedad323f72f6 fusion-toggle-has-divider\" style=\"--awb-title-color:var(--awb-color8);\"><div class=\"panel-heading\"><h3 class=\"panel-title toggle\" id=\"toggle_f793dedad323f72f6\"><a aria-expanded=\"false\" aria-controls=\"f793dedad323f72f6\" role=\"button\" data-toggle=\"collapse\" data-parent=\"#accordion-13249-1\" data-target=\"#f793dedad323f72f6\" href=\"#f793dedad323f72f6\"><span class=\"fusion-toggle-icon-wrapper\" aria-hidden=\"true\"><i class=\"fa-fusion-box active-icon awb-icon-minus\" aria-hidden=\"true\"><\/i><i class=\"fa-fusion-box inactive-icon awb-icon-plus\" aria-hidden=\"true\"><\/i><\/span><span class=\"fusion-toggle-heading\">Curs PRL en espais confinats<\/span><\/a><\/h3><\/div><div id=\"f793dedad323f72f6\" class=\"panel-collapse collapse \" aria-labelledby=\"toggle_f793dedad323f72f6\"><div class=\"panel-body toggle-content fusion-clearfix\">\n<p>El <a href=\"https:\/\/gepcoformacion.es\/ca\/formacio\/curs-espais-confinats\/\">curs PRL en espais confinats<\/a> serveix perqu\u00e8 aquells professionals que han de treballar en espais amb mala ventilaci\u00f3 o amb accessos dif\u00edcils puguin fer-ho amb unes condicions de seguretat \u00f2ptimes.<\/p>\n<\/div><\/div><\/div><div class=\"fusion-panel panel-default panel-350f756877c3b8f15 fusion-toggle-has-divider\" style=\"--awb-title-color:var(--awb-color8);\"><div class=\"panel-heading\"><h3 class=\"panel-title toggle\" id=\"toggle_350f756877c3b8f15\"><a aria-expanded=\"false\" aria-controls=\"350f756877c3b8f15\" role=\"button\" data-toggle=\"collapse\" data-parent=\"#accordion-13249-1\" data-target=\"#350f756877c3b8f15\" href=\"#350f756877c3b8f15\"><span class=\"fusion-toggle-icon-wrapper\" aria-hidden=\"true\"><i class=\"fa-fusion-box active-icon awb-icon-minus\" aria-hidden=\"true\"><\/i><i class=\"fa-fusion-box inactive-icon awb-icon-plus\" aria-hidden=\"true\"><\/i><\/span><span class=\"fusion-toggle-heading\">Curs PRL de muntatge i desmuntatge de bastides<\/span><\/a><\/h3><\/div><div id=\"350f756877c3b8f15\" class=\"panel-collapse collapse \" aria-labelledby=\"toggle_350f756877c3b8f15\"><div class=\"panel-body toggle-content fusion-clearfix\">\n<p>Manobres, electricistes, pintors o instal\u00b7ladors habitualment han de muntar i desmuntar bastides per poder accedir a les zones o espais on han de treballar. Amb el nostre <a href=\"https:\/\/gepcoformacion.es\/ca\/formacio\/curs-muntatge-bastides\/\">curs PRL de muntatge i desmuntatge de bastides<\/a>, poden aprendre com fer-ho de manera segura.<\/p>\n<\/div><\/div><\/div><div class=\"fusion-panel panel-default panel-e866b50ac6f21fbd9 fusion-toggle-has-divider\" style=\"--awb-title-color:var(--awb-color8);\"><div class=\"panel-heading\"><h3 class=\"panel-title toggle\" id=\"toggle_e866b50ac6f21fbd9\"><a aria-expanded=\"false\" aria-controls=\"e866b50ac6f21fbd9\" role=\"button\" data-toggle=\"collapse\" data-parent=\"#accordion-13249-1\" data-target=\"#e866b50ac6f21fbd9\" href=\"#e866b50ac6f21fbd9\"><span class=\"fusion-toggle-icon-wrapper\" aria-hidden=\"true\"><i class=\"fa-fusion-box active-icon awb-icon-minus\" aria-hidden=\"true\"><\/i><i class=\"fa-fusion-box inactive-icon awb-icon-plus\" aria-hidden=\"true\"><\/i><\/span><span class=\"fusion-toggle-heading\">Curs PRL de carretons elevadors i PEMP<\/span><\/a><\/h3><\/div><div id=\"e866b50ac6f21fbd9\" class=\"panel-collapse collapse \" aria-labelledby=\"toggle_e866b50ac6f21fbd9\"><div class=\"panel-body toggle-content fusion-clearfix\">\n<p>Amb aquesta <a href=\"https:\/\/gepcoformacion.es\/ca\/formacio\/curs-carreto-elevador\/\">formaci\u00f3 PRL de carretons elevadors i PEMP<\/a> s\u2019ofereixen als alumnes les directrius b\u00e0siques i imprescindibles per manipular aquesta mena de maquin\u00e0ria de manera completament segura.<\/p>\n<\/div><\/div><\/div><div class=\"fusion-panel panel-default panel-3c198d004c712e6f7 fusion-toggle-has-divider\" style=\"--awb-title-color:var(--awb-color8);\"><div class=\"panel-heading\"><h3 class=\"panel-title toggle\" id=\"toggle_3c198d004c712e6f7\"><a aria-expanded=\"false\" aria-controls=\"3c198d004c712e6f7\" role=\"button\" data-toggle=\"collapse\" data-parent=\"#accordion-13249-1\" data-target=\"#3c198d004c712e6f7\" href=\"#3c198d004c712e6f7\"><span class=\"fusion-toggle-icon-wrapper\" aria-hidden=\"true\"><i class=\"fa-fusion-box active-icon awb-icon-minus\" aria-hidden=\"true\"><\/i><i class=\"fa-fusion-box inactive-icon awb-icon-plus\" aria-hidden=\"true\"><\/i><\/span><span class=\"fusion-toggle-heading\">Cursos especialitzats TELCO<\/span><\/a><\/h3><\/div><div id=\"3c198d004c712e6f7\" class=\"panel-collapse collapse \" aria-labelledby=\"toggle_3c198d004c712e6f7\"><div class=\"panel-body toggle-content fusion-clearfix\">\n<p>Aquesta formaci\u00f3 ofereix quatre modalitats diferents per poder-se adaptar al m\u00e0xim al perfil dels professionals que la cursen. A GEPCO t\u2019oferim la formaci\u00f3 <a href=\"https:\/\/gepcoformacion.es\/ca\/formacio\/curs-especialitzat-telco-risc-electric\/\">TELCO de risc el\u00e8ctric<\/a>, <a href=\"https:\/\/gepcoformacion.es\/ca\/formacio\/curs-especialitzat-telco-treballs-en-altura\/\">TELCO de treballs en altura<\/a>, <a href=\"https:\/\/gepcoformacion.es\/ca\/formacio\/curs-especialitzat-telco-espais-confinats\/\">TELCO en espais confinats<\/a> i <a href=\"https:\/\/gepcoformacion.es\/ca\/formacio\/curs-especialitzat-telco\/\">TELCO gen\u00e8rica<\/a>.<\/p>\n<\/div><\/div><\/div><\/div><\/div><\/div><\/div><\/div><\/div><div class=\"fusion-fullwidth fullwidth-box fusion-builder-row-5 fusion-flex-container has-pattern-background has-mask-background hundred-percent-fullwidth non-hundred-percent-height-scrolling\" style=\"--awb-border-radius-top-left:0px;--awb-border-radius-top-right:0px;--awb-border-radius-bottom-right:0px;--awb-border-radius-bottom-left:0px;--awb-padding-top:3%;--awb-padding-right:5%;--awb-padding-bottom:3%;--awb-padding-left:5%;--awb-background-color:var(--awb-color3);--awb-flex-wrap:wrap;\" ><div class=\"fusion-builder-row fusion-row fusion-flex-align-items-center fusion-flex-content-wrap\" style=\"width:104% !important;max-width:104% !important;margin-left: calc(-4% \/ 2 );margin-right: calc(-4% \/ 2 );\"><div class=\"fusion-layout-column fusion_builder_column fusion-builder-column-8 fusion_builder_column_1_2 1_2 fusion-flex-column\" style=\"--awb-bg-size:cover;--awb-width-large:50%;--awb-margin-top-large:0px;--awb-spacing-right-large:3.84%;--awb-margin-bottom-large:0px;--awb-spacing-left-large:3.84%;--awb-width-medium:50%;--awb-order-medium:0;--awb-spacing-right-medium:3.84%;--awb-spacing-left-medium:3.84%;--awb-width-small:100%;--awb-order-small:0;--awb-spacing-right-small:1.92%;--awb-spacing-left-small:1.92%;\"><div class=\"fusion-column-wrapper fusion-column-has-shadow fusion-flex-justify-content-flex-start fusion-content-layout-column\"><div class=\"fusion-title title fusion-title-4 fusion-sep-none fusion-title-text fusion-title-size-two\" style=\"--awb-font-size:30px;\"><h2 class=\"fusion-title-heading title-heading-left\" style=\"margin:0;font-size:1em;\">Contacta amb nosaltres i forma&#8217;t amb els millors<\/h2><\/div><div class=\"fusion-text fusion-text-5\"><p style=\"text-align: left;\">No deixis en mans de l\u2019atzar la teva seguretat o la dels teus treballadors. Confia en GEPCO i forma\u2019t!<\/p>\n<\/div><\/div><\/div><div class=\"fusion-layout-column fusion_builder_column fusion-builder-column-9 fusion_builder_column_1_2 1_2 fusion-flex-column\" style=\"--awb-bg-size:cover;--awb-width-large:50%;--awb-margin-top-large:0px;--awb-spacing-right-large:3.84%;--awb-margin-bottom-large:20px;--awb-spacing-left-large:3.84%;--awb-width-medium:50%;--awb-order-medium:0;--awb-spacing-right-medium:3.84%;--awb-spacing-left-medium:3.84%;--awb-width-small:100%;--awb-order-small:0;--awb-spacing-right-small:1.92%;--awb-spacing-left-small:1.92%;\"><div class=\"fusion-column-wrapper fusion-column-has-shadow fusion-flex-justify-content-flex-start fusion-content-layout-column\">\n<div class=\"wpcf7 no-js\" id=\"wpcf7-f11014-o1\" lang=\"ca\" dir=\"ltr\" data-wpcf7-id=\"11014\">\n<div class=\"screen-reader-response\"><p role=\"status\" aria-live=\"polite\" aria-atomic=\"true\"><\/p> <ul><\/ul><\/div>\n<form action=\"\/ca\/wp-json\/wp\/v2\/posts\/13249#wpcf7-f11014-o1\" method=\"post\" class=\"wpcf7-form init\" aria-label=\"Formulari de contacte\" novalidate=\"novalidate\" data-status=\"init\">\n<fieldset class=\"hidden-fields-container\"><input type=\"hidden\" name=\"_wpcf7\" value=\"11014\" \/><input type=\"hidden\" name=\"_wpcf7_version\" value=\"6.1.5\" \/><input type=\"hidden\" name=\"_wpcf7_locale\" value=\"ca\" \/><input type=\"hidden\" name=\"_wpcf7_unit_tag\" value=\"wpcf7-f11014-o1\" \/><input type=\"hidden\" name=\"_wpcf7_container_post\" value=\"0\" \/><input type=\"hidden\" name=\"_wpcf7_posted_data_hash\" value=\"\" \/><input type=\"hidden\" name=\"_wpcf7_recaptcha_response\" value=\"\" \/>\n<\/fieldset>\n<div class=\"uacf7-form-wrapper-container uacf7-form-11014  \">\t\t<span class=\"wpcf7-form-control-wrap uacf7_dynamic_text-116\"\n\t\t\tdata-name=\"uacf7_dynamic_text-116\">\n\n\t\t\t<input id=\"uacf7_uacf7_dynamic_text-116\" class=\"wpcf7-form-control wpcf7-uacf7_dynamic_text\" aria-invalid=\"false\" name=\"uacf7_dynamic_text-116\" size=\"40\" type=\"hidden\" value=\"Per qu\u00e8 s\u00f3n importants els cursos de prevenci\u00f3 de riscos laborals?\">\n\t\t\t<span><\/span>\n\t\t<\/span>\n\t\t\n\n<div class=\"form-row\">\n<div class=\"column-half\">Nom <\/label>\n    <span class=\"wpcf7-form-control-wrap\" data-name=\"your-name\"><input size=\"40\" maxlength=\"400\" class=\"wpcf7-form-control wpcf7-text wpcf7-validates-as-required\" autocomplete=\"name\" aria-required=\"true\" aria-invalid=\"false\" value=\"\" type=\"text\" name=\"your-name\" \/><\/span> \n<\/div>\n<div class=\"column-half\">Correu electr\u00f2nic <\/label>\n    <span class=\"wpcf7-form-control-wrap\" data-name=\"your-email\"><input size=\"40\" maxlength=\"400\" class=\"wpcf7-form-control wpcf7-email wpcf7-validates-as-required wpcf7-text wpcf7-validates-as-email\" autocomplete=\"email\" aria-required=\"true\" aria-invalid=\"false\" value=\"\" type=\"email\" name=\"your-email\" \/><\/span><\/div>\n<\/div>\n\n<div class=\"form-row\">\n<div class=\"column-half\">Tel\u00e8fon<\/label>\n    <span class=\"wpcf7-form-control-wrap\" data-name=\"tel-383\"><input size=\"40\" maxlength=\"400\" class=\"wpcf7-form-control wpcf7-tel wpcf7-validates-as-required wpcf7-text wpcf7-validates-as-tel\" aria-required=\"true\" aria-invalid=\"false\" value=\"\" type=\"tel\" name=\"tel-383\" \/><\/span>  \n<\/div>\n<div class=\"column-half\">Nom fiscal<\/label>\n    <span class=\"wpcf7-form-control-wrap\" data-name=\"nombre-empresa\"><input size=\"40\" maxlength=\"400\" class=\"wpcf7-form-control wpcf7-text wpcf7-validates-as-required\" autocomplete=\"nombreempresa\" aria-required=\"true\" aria-invalid=\"false\" value=\"\" type=\"text\" name=\"nombre-empresa\" \/><\/span><\/div>\n<\/div>\n\n<div class=\"form-row\">\n<div class=\"column-half\">\n<label> Sol\u00b7l\u00edcites informaci\u00f3 com...<\/label>\n    <span class=\"wpcf7-form-control-wrap\" data-name=\"menu-659\"><select class=\"wpcf7-form-control wpcf7-select\" aria-invalid=\"false\" name=\"menu-659\"><option value=\"Individual \/ Aut\u00f2nom \/ Particulars\">Individual \/ Aut\u00f2nom \/ Particulars<\/option><option value=\"Empresa que vol formar a menys de 5 persones\">Empresa que vol formar a menys de 5 persones<\/option><option value=\"Empresa \/ Grups \/ Formaci\u00f3 adaptada\">Empresa \/ Grups \/ Formaci\u00f3 adaptada<\/option><\/select><\/span>\n<\/div>\n\n<div class=\"column-half\">\n<label> Ubicaci\u00f3 de la formaci\u00f3<\/label>\n    <span class=\"wpcf7-form-control-wrap\" data-name=\"menu-658\"><select class=\"wpcf7-form-control wpcf7-select\" aria-invalid=\"false\" name=\"menu-658\"><option value=\"Sabadell\">Sabadell<\/option><option value=\"Madrid\">Madrid<\/option><option value=\"Cadis\">Cadis<\/option><option value=\"In Company (nom\u00e9s empreses)\">In Company (nom\u00e9s empreses)<\/option><\/select><\/span> \n<\/div>\n\n\n<div class=\"column-full\"><label> Observacions (opcional) <\/label>\n    <span class=\"wpcf7-form-control-wrap\" data-name=\"your-observaciones\"><input size=\"40\" maxlength=\"400\" class=\"wpcf7-form-control wpcf7-text\" aria-invalid=\"false\" value=\"\" type=\"text\" name=\"your-observaciones\" \/><\/span> \n<\/div>\n<\/div>\n\n<\/br>\n<\/br>\n<\/br>\n<\/br>\n<div class=\"column-full\">\n<span class=\"wpcf7-form-control-wrap\" data-name=\"acceptance-784\"><span class=\"wpcf7-form-control wpcf7-acceptance\"><span class=\"wpcf7-list-item\"><label><input type=\"checkbox\" name=\"acceptance-784\" value=\"1\" aria-invalid=\"false\" \/><span class=\"wpcf7-list-item-label\">He llegit i accepto la <a href=\"https:\/\/gepcoformacion.es\/politica-de-privacidad\/\">Pol&iacute;tica de Privadesa<\/a> i l&apos;<a href=\"https:\/\/gepcoformacion.es\/aviso-legal\/\">Av&iacute;s Legal<\/a><\/span><\/label><\/span><\/span><\/span>\n<\/br>\n<input class=\"wpcf7-form-control wpcf7-submit has-spinner\" id=\"formulari-individuales-oberta\" type=\"submit\" value=\"Enviar\" \/>\n<\/div>\n\n<input class=\"wpcf7-form-control wpcf7-hidden\" id=\"traffic_source\" value=\"direct\" type=\"hidden\" name=\"traffic_source\" \/>\n\n<input class=\"wpcf7-form-control wpcf7-hidden\" value=\"\" type=\"hidden\" name=\"debug_cookie\" \/>\n<input class=\"wpcf7-form-control wpcf7-hidden\" value=\"- \/ca\/wp-json\/wp\/v2\/posts\/13249\" type=\"hidden\" name=\"debug_1\" \/>\n<input class=\"wpcf7-form-control wpcf7-hidden\" value=\"Mozilla\/5.0 AppleWebKit\/537.36 (KHTML, like Gecko; compatible; ClaudeBot\/1.0; +claudebot@anthropic.com)\" type=\"hidden\" name=\"debug_2\" \/><\/div><div class=\"fusion-alert alert custom alert-custom fusion-alert-center wpcf7-response-output awb-alert-native-link-color alert-dismissable awb-alert-close-boxed\" style=\"--awb-border-size:1px;--awb-border-top-left-radius:0px;--awb-border-top-right-radius:0px;--awb-border-bottom-left-radius:0px;--awb-border-bottom-right-radius:0px;\" role=\"alert\"><div class=\"fusion-alert-content-wrapper\"><span class=\"fusion-alert-content\"><\/span><\/div><button type=\"button\" class=\"close toggle-alert\" data-dismiss=\"alert\" aria-label=\"Close\">&times;<\/button><\/div>\n<\/form>\n<\/div>\n<\/div><\/div><\/div><\/div><\/p>\n","protected":false},"excerpt":{"rendered":"","protected":false},"author":8,"featured_media":13184,"comment_status":"closed","ping_status":"closed","sticky":false,"template":"","format":"standard","meta":{"_acf_changed":false,"footnotes":""},"categories":[125],"tags":[339],"class_list":["post-13249","post","type-post","status-publish","format-standard","has-post-thumbnail","hentry","category-blog","tag-lluis"],"acf":[],"_links":{"self":[{"href":"https:\/\/gepcoformacion.es\/ca\/wp-json\/wp\/v2\/posts\/13249","targetHints":{"allow":["GET"]}}],"collection":[{"href":"https:\/\/gepcoformacion.es\/ca\/wp-json\/wp\/v2\/posts"}],"about":[{"href":"https:\/\/gepcoformacion.es\/ca\/wp-json\/wp\/v2\/types\/post"}],"author":[{"embeddable":true,"href":"https:\/\/gepcoformacion.es\/ca\/wp-json\/wp\/v2\/users\/8"}],"replies":[{"embeddable":true,"href":"https:\/\/gepcoformacion.es\/ca\/wp-json\/wp\/v2\/comments?post=13249"}],"version-history":[{"count":8,"href":"https:\/\/gepcoformacion.es\/ca\/wp-json\/wp\/v2\/posts\/13249\/revisions"}],"predecessor-version":[{"id":18666,"href":"https:\/\/gepcoformacion.es\/ca\/wp-json\/wp\/v2\/posts\/13249\/revisions\/18666"}],"wp:featuredmedia":[{"embeddable":true,"href":"https:\/\/gepcoformacion.es\/ca\/wp-json\/wp\/v2\/media\/13184"}],"wp:attachment":[{"href":"https:\/\/gepcoformacion.es\/ca\/wp-json\/wp\/v2\/media?parent=13249"}],"wp:term":[{"taxonomy":"category","embeddable":true,"href":"https:\/\/gepcoformacion.es\/ca\/wp-json\/wp\/v2\/categories?post=13249"},{"taxonomy":"post_tag","embeddable":true,"href":"https:\/\/gepcoformacion.es\/ca\/wp-json\/wp\/v2\/tags?post=13249"}],"curies":[{"name":"wp","href":"https:\/\/api.w.org\/{rel}","templated":true}]}}